{"id":54423,"date":"2025-12-28T12:45:42","date_gmt":"2025-12-28T12:45:42","guid":{"rendered":"https:\/\/247stiri.ro\/index.php\/2025\/12\/28\/horea-badau-fost-profesor-la-universitatea-din-bucuresti-acuzatii-dure-nicusor-dan-nu-are-licenta\/"},"modified":"2025-12-28T12:45:42","modified_gmt":"2025-12-28T12:45:42","slug":"horea-badau-fost-profesor-la-universitatea-din-bucuresti-acuzatii-dure-nicusor-dan-nu-are-licenta","status":"publish","type":"post","link":"https:\/\/247stiri.ro\/index.php\/2025\/12\/28\/horea-badau-fost-profesor-la-universitatea-din-bucuresti-acuzatii-dure-nicusor-dan-nu-are-licenta\/","title":{"rendered":"Horea B\u0103d\u0103u, fost profesor la Universitatea din Bucure\u0219ti, acuza\u021bii dure: \u201eNicu\u0219or Dan nu are licen\u021b\u0103!\u201d"},"content":{"rendered":"<p>Mai mult, B\u0103d\u0103u a declarat c\u0103 documentul de echivalare a masterului cu licen\u021ba a fost emis de Ministerul Educa\u021biei, \u0219i nu de Centrul Na\u021bional de Echivalare a Diplomelor cum s-ar fi \u00eent\u00e2mplat \u00een mod normal.<\/p>\n<p>Jurnali\u0219tii Reaitatea PLUS l-au contactat pe <a href=\"https:\/\/www.realitatea.net\/stiri\/politica\/nicusor-dan-in-1992-nu-prea-mergeam-la-scoala-politicianul-paria-100-de-franci-pentru-cine-cucerea-o-frantuzoaica_6951144a6db79c593627c0c3\" target=\"_blank\">Nicu\u0219or Dan<\/a> pentru un punct de vedere, \u00eens\u0103 p\u00e2n\u0103 la acest moment nu a r\u0103spuns.<\/p>\n<p>Fost profesor: \u201eNicu\u0219or s-a dus \u00een Fran\u021ba la master f\u0103r\u0103 licen\u021b\u0103!\u201d<\/p>\n<p>\u201eEu am f\u0103cut demersuri, \u00een primul r\u00e2nd, pentru a verifica teza lui Nicu\u0219or Dan pentru plagiat, \u00eentruc\u00e2t am observat c\u0103 nu \u0219tie s\u0103 se exprime \u00een limba francez\u0103 \u0219i pe acest drum pe care am g\u0103sit u\u0219i \u00eenchise&#8230; coordonatorul lui de tez\u0103 a zis c\u0103 n-o mai g\u0103se\u0219te.<\/p>\n<p> Am descoperit lucruri groaznice \u00een CV. \u00cen primul r\u00e2nd, nu are licen\u021b\u0103. Nicu\u0219or Dan nu are licen\u021b\u0103. Am aceast\u0103 confirmare din partea Universit\u0103\u021bii din Bucure\u0219ti. El a plecat de la Facultatea de Matematic\u0103 dup\u0103 3 ani de studii, \u00een loc s\u0103 fac\u0103 4 ani de studii, trebuia s\u0103 mai stea un an ca s\u0103 termine facultatea. A plecat direct la master \u00een Fran\u021ba, anul V, f\u0103r\u0103 s\u0103 aib\u0103 anul IV obligatoriu.<\/p>\n<p>El spune c\u0103 a fost admis pe baza c\u0103r\u021bilor citite \u00een Rom\u00e2nia&#8230;ceea ce este hilar.<\/p>\n<p>De asemenea, c\u00e2nd s-a \u00eentors \u00een Rom\u00e2nia \u0219i \u0219i-a echivalat masterul cu licen\u021b\u0103,17 ani mai t\u00e2rziu, atestatul a fost emis de Ministerul Educa\u021biei.\u201d, <a href=\"https:\/\/www.realitatea.net\/stiri\/actual\/scaunul-prezidential-se-cam-clatina-nicusor-dan-risca-suspendarea-de-cat-voturi-mai-are-nevoie-opozitia_695014bac10537358d02f1e2\" target=\"_blank\">a declarat fostul<\/a> profesor Horea B\u0103d\u0103u.<\/p>\n\n<p>\u00a0<\/p>\n<p class=\"pf0\">\u00a0<\/p>","protected":false},"excerpt":{"rendered":"<p>Mai mult, B\u0103d\u0103u a declarat c\u0103 documentul de echivalare a masterului cu licen\u021ba a fost&hellip;<\/p>\n","protected":false},"author":0,"featured_media":54414,"comment_status":"open","ping_status":"open","sticky":false,"template":"","format":"standard","meta":{"footnotes":""},"categories":[2],"tags":[],"class_list":["post-54423","post","type-post","status-publish","format-standard","has-post-thumbnail","hentry","category-actual"],"_links":{"self":[{"href":"https:\/\/247stiri.ro\/index.php\/wp-json\/wp\/v2\/posts\/54423","targetHints":{"allow":["GET"]}}],"collection":[{"href":"https:\/\/247stiri.ro\/index.php\/wp-json\/wp\/v2\/posts"}],"about":[{"href":"https:\/\/247stiri.ro\/index.php\/wp-json\/wp\/v2\/types\/post"}],"replies":[{"embeddable":true,"href":"https:\/\/247stiri.ro\/index.php\/wp-json\/wp\/v2\/comments?post=54423"}],"version-history":[{"count":0,"href":"https:\/\/247stiri.ro\/index.php\/wp-json\/wp\/v2\/posts\/54423\/revisions"}],"wp:featuredmedia":[{"embeddable":true,"href":"https:\/\/247stiri.ro\/index.php\/wp-json\/wp\/v2\/media\/54414"}],"wp:attachment":[{"href":"https:\/\/247stiri.ro\/index.php\/wp-json\/wp\/v2\/media?parent=54423"}],"wp:term":[{"taxonomy":"category","embeddable":true,"href":"https:\/\/247stiri.ro\/index.php\/wp-json\/wp\/v2\/categories?post=54423"},{"taxonomy":"post_tag","embeddable":true,"href":"https:\/\/247stiri.ro\/index.php\/wp-json\/wp\/v2\/tags?post=54423"}],"curies":[{"name":"wp","href":"https:\/\/api.w.org\/{rel}","templated":true}]}}