{"id":54430,"date":"2025-12-28T14:46:47","date_gmt":"2025-12-28T14:46:47","guid":{"rendered":"https:\/\/247stiri.ro\/index.php\/2025\/12\/28\/acuzatii-de-la-moscova-serghei-lavrov-uniunea-europeana-blocheaza-orice-sansa-de-pace-in-ucraina\/"},"modified":"2025-12-28T14:46:47","modified_gmt":"2025-12-28T14:46:47","slug":"acuzatii-de-la-moscova-serghei-lavrov-uniunea-europeana-blocheaza-orice-sansa-de-pace-in-ucraina","status":"publish","type":"post","link":"https:\/\/247stiri.ro\/index.php\/2025\/12\/28\/acuzatii-de-la-moscova-serghei-lavrov-uniunea-europeana-blocheaza-orice-sansa-de-pace-in-ucraina\/","title":{"rendered":"Acuza\u021bii de la Moscova. Serghei Lavrov: \u201eUniunea European\u0103 blocheaz\u0103 orice \u0219ans\u0103 de pace \u00een Ucraina\u201d"},"content":{"rendered":"<p>Ministrul rus de externe, Serghei Lavrov, a lansat un atac dur la adresa Uniunii Europene, numind-o \u201eprincipalul obstacol \u00een calea p\u0103cii\u201d \u00een Ucraina, chiar \u00eenaintea unei \u00eent\u00e2lniri decisive \u00eentre Volodimir Zelenski \u0219i Donald Trump.<\/p>\n<p>\u00centr-un interviu acordat agen\u021biei TASS, Lavrov a sus\u021binut c\u0103 Bruxelles-ul se preg\u0103te\u0219te activ pentru un conflict direct cu Rusia \u0219i c\u0103 liderii europeni, al\u0103turi de regimul de la Kiev, nu manifest\u0103 deschidere pentru un dialog constructiv.<\/p>\n<p>\u00cen contrast, \u0219eful diploma\u021biei de la Moscova a subliniat c\u0103 Federa\u021bia Rus\u0103 apreciaz\u0103 eforturile depuse de pre\u0219edintele american Donald Trump \u0219i de echipa sa pentru identificarea unei solu\u021bii de pace.<\/p>\n<p>Declara\u021biile vin \u00eentr-un moment de maxim\u0103 intensitate diplomatic\u0103, \u00een timp ce pre\u0219edintele ucrainean se deplasa spre re\u0219edin\u021ba Mar-a-Lago din Florida pentru a discuta cu Donald Trump revizuirea planului de pace, redus recent de la 28 la 20 de puncte.<\/p>\n<p>\u00cent\u00e2lnirea, programat\u0103 pentru ora 20:00 (ora Rom\u00e2niei), are loc pe fondul unor tensiuni militare crescute, dup\u0103 ce Rusia a lansat s\u00e2mb\u0103t\u0103 unul dintre cele mai masive atacuri aeriene asupra Kievului din ultimele s\u0103pt\u0103m\u00e2ni.<\/p>\n<p>\u00cen ciuda consult\u0103rilor recente ale lui Zelenski cu liderii europeni \u0219i cu premierul canadian Mark Carney, Moscova pare s\u0103 mizeze pe o comunicare direct\u0103 cu Washingtonul, \u00eencerc\u00e2nd s\u0103 marginalizeze rolul Uniunii Europene \u00een viitoarele negocieri pentru \u00eencetarea conflictului.<\/p>","protected":false},"excerpt":{"rendered":"<p>Ministrul rus de externe, Serghei Lavrov, a lansat un atac dur la adresa Uniunii Europene,&hellip;<\/p>\n","protected":false},"author":0,"featured_media":54429,"comment_status":"open","ping_status":"open","sticky":false,"template":"","format":"standard","meta":{"footnotes":""},"categories":[2],"tags":[],"class_list":["post-54430","post","type-post","status-publish","format-standard","has-post-thumbnail","hentry","category-actual"],"_links":{"self":[{"href":"https:\/\/247stiri.ro\/index.php\/wp-json\/wp\/v2\/posts\/54430","targetHints":{"allow":["GET"]}}],"collection":[{"href":"https:\/\/247stiri.ro\/index.php\/wp-json\/wp\/v2\/posts"}],"about":[{"href":"https:\/\/247stiri.ro\/index.php\/wp-json\/wp\/v2\/types\/post"}],"replies":[{"embeddable":true,"href":"https:\/\/247stiri.ro\/index.php\/wp-json\/wp\/v2\/comments?post=54430"}],"version-history":[{"count":0,"href":"https:\/\/247stiri.ro\/index.php\/wp-json\/wp\/v2\/posts\/54430\/revisions"}],"wp:featuredmedia":[{"embeddable":true,"href":"https:\/\/247stiri.ro\/index.php\/wp-json\/wp\/v2\/media\/54429"}],"wp:attachment":[{"href":"https:\/\/247stiri.ro\/index.php\/wp-json\/wp\/v2\/media?parent=54430"}],"wp:term":[{"taxonomy":"category","embeddable":true,"href":"https:\/\/247stiri.ro\/index.php\/wp-json\/wp\/v2\/categories?post=54430"},{"taxonomy":"post_tag","embeddable":true,"href":"https:\/\/247stiri.ro\/index.php\/wp-json\/wp\/v2\/tags?post=54430"}],"curies":[{"name":"wp","href":"https:\/\/api.w.org\/{rel}","templated":true}]}}