{"id":54431,"date":"2025-12-28T14:46:48","date_gmt":"2025-12-28T14:46:48","guid":{"rendered":"https:\/\/247stiri.ro\/index.php\/2025\/12\/28\/fostul-presedinte-al-ccr-nu-ma-asteptam-ca-decizia-pe-pensiile-magistratilor-sa-fie-data-duminica\/"},"modified":"2025-12-28T14:46:48","modified_gmt":"2025-12-28T14:46:48","slug":"fostul-presedinte-al-ccr-nu-ma-asteptam-ca-decizia-pe-pensiile-magistratilor-sa-fie-data-duminica","status":"publish","type":"post","link":"https:\/\/247stiri.ro\/index.php\/2025\/12\/28\/fostul-presedinte-al-ccr-nu-ma-asteptam-ca-decizia-pe-pensiile-magistratilor-sa-fie-data-duminica\/","title":{"rendered":"Fostul pre\u0219edinte al CCR: \u201eNu m\u0103 a\u0219teptam ca decizia pe pensiile magistra\u021bilor s\u0103 fie dat\u0103 duminica\u201d"},"content":{"rendered":"<p>Fostul pre\u0219edinte al Cur\u021bii Constitu\u021bionale \u0219i-a exprimat scepticismul cu privire la \u0219edin\u021ba desf\u0103\u0219urat\u0103 duminic\u0103, anticip\u00e2nd c\u0103 nu se va ajunge la nicio decizie din cauza dificult\u0103\u021bilor de a asigura cvorumul necesar.<\/p>\n<p>Acesta a subliniat caracterul atipic al \u00eent\u00e2lnirii, men\u021bion\u00e2nd c\u0103, \u00een nicio alt\u0103 parte a lumii, actul de justi\u021bie nu se desf\u0103\u0219oar\u0103 duminica, \u0219i a remarcat ritmul lent al dezbaterilor \u00een actuala componen\u021b\u0103 a Cur\u021bii.<\/p>\n<p>\u00cen opinia sa, graba Guvernului de a pune legea \u00een vigoare de la 1 ianuarie este nejustificat\u0103, mai ales \u00een condi\u021biile \u00een care Legea bugetului va fi finalizat\u0103 mult mai t\u00e2rziu, probabil \u00een martie sau aprilie.<\/p>\n<p>Tensiunile din cadrul Cur\u021bii au devenit evidente dup\u0103 ce patru judec\u0103tori sus\u021binu\u021bi de PSD au p\u0103r\u0103sit sala de \u0219edin\u021be, bloc\u00e2nd astfel posibilitatea de a \u00eentruni cei \u0219ase membri necesari pentru pronun\u021barea unui verdict.<\/p>\n<p>Ca urmare a acestui blocaj, Curtea Constitu\u021bional\u0103 a decis s\u0103 am\u00e2ne pentru luni hot\u0103r\u00e2rea privind Legea pensiilor magistra\u021bilor, un act normativ cu impact major asupra modului de calcul \u0219i a condi\u021biilor de pensionare \u00een sistemul judiciar.<\/p>\n<p>Aceasta reprezint\u0103 a doua am\u00e2nare pe acest subiect, prelungind incertitudinea asupra calendarului de implementare a noii legisla\u021bii.<\/p>","protected":false},"excerpt":{"rendered":"<p>Fostul pre\u0219edinte al Cur\u021bii Constitu\u021bionale \u0219i-a exprimat scepticismul cu privire la \u0219edin\u021ba desf\u0103\u0219urat\u0103 duminic\u0103, anticip\u00e2nd&hellip;<\/p>\n","protected":false},"author":0,"featured_media":54432,"comment_status":"open","ping_status":"open","sticky":false,"template":"","format":"standard","meta":{"footnotes":""},"categories":[2],"tags":[],"class_list":["post-54431","post","type-post","status-publish","format-standard","has-post-thumbnail","hentry","category-actual"],"_links":{"self":[{"href":"https:\/\/247stiri.ro\/index.php\/wp-json\/wp\/v2\/posts\/54431","targetHints":{"allow":["GET"]}}],"collection":[{"href":"https:\/\/247stiri.ro\/index.php\/wp-json\/wp\/v2\/posts"}],"about":[{"href":"https:\/\/247stiri.ro\/index.php\/wp-json\/wp\/v2\/types\/post"}],"replies":[{"embeddable":true,"href":"https:\/\/247stiri.ro\/index.php\/wp-json\/wp\/v2\/comments?post=54431"}],"version-history":[{"count":0,"href":"https:\/\/247stiri.ro\/index.php\/wp-json\/wp\/v2\/posts\/54431\/revisions"}],"wp:featuredmedia":[{"embeddable":true,"href":"https:\/\/247stiri.ro\/index.php\/wp-json\/wp\/v2\/media\/54432"}],"wp:attachment":[{"href":"https:\/\/247stiri.ro\/index.php\/wp-json\/wp\/v2\/media?parent=54431"}],"wp:term":[{"taxonomy":"category","embeddable":true,"href":"https:\/\/247stiri.ro\/index.php\/wp-json\/wp\/v2\/categories?post=54431"},{"taxonomy":"post_tag","embeddable":true,"href":"https:\/\/247stiri.ro\/index.php\/wp-json\/wp\/v2\/tags?post=54431"}],"curies":[{"name":"wp","href":"https:\/\/api.w.org\/{rel}","templated":true}]}}