{"id":54433,"date":"2025-12-28T14:46:49","date_gmt":"2025-12-28T14:46:49","guid":{"rendered":"https:\/\/247stiri.ro\/index.php\/2025\/12\/28\/carambol-pe-a3-la-snagov-cinci-masini-au-fost-implicate-nu-sunt-victime-traficul-este-ingreunat\/"},"modified":"2025-12-28T14:46:49","modified_gmt":"2025-12-28T14:46:49","slug":"carambol-pe-a3-la-snagov-cinci-masini-au-fost-implicate-nu-sunt-victime-traficul-este-ingreunat","status":"publish","type":"post","link":"https:\/\/247stiri.ro\/index.php\/2025\/12\/28\/carambol-pe-a3-la-snagov-cinci-masini-au-fost-implicate-nu-sunt-victime-traficul-este-ingreunat\/","title":{"rendered":"Carambol pe A3, la Snagov. Cinci ma\u0219ini au fost implicate. NU sunt victime. Traficul este \u00eengreunat"},"content":{"rendered":"<p>La kilometrul 31 traficul a fost restric\u021bionat ca urmare a unui carambol \u00een care au fost implicate cinci autovehicule. Din primele informa\u021bii, nu au fost \u00eenregistrate victime, \u00eens\u0103 circula\u021bia c\u0103tre Bucure\u0219ti se desf\u0103\u0219oar\u0103 restric\u021bionat pe banda a doua, potrivit Centrului INFOTRAFIC din cadrul Inspectoratului General\u00a0al Poli\u021biei Rom\u00e2ne.<\/p>\n<p>De asemenea, la kilometrul 30 a avut loc o coliziune \u00eentre dou\u0103 autoturisme. O persoan\u0103 acuz\u0103 dureri \u0219i urmeaz\u0103 s\u0103 fie evaluat\u0103 medical.<\/p>\n<p>\u00cen acest caz, traficul rutier c\u0103tre Bucure\u0219ti este restric\u021bionat pe ambele benzi, circula\u021bia desf\u0103\u0219ur\u00e2ndu-se doar pe banda de urgen\u021b\u0103.<\/p>\n<p>\u00cen urma incidentelor, \u00een zon\u0103 s-a format o coloan\u0103 de autovehicule de aproximativ trei kilometri, valorile de trafic fiind \u00een cre\u0219tere.<\/p>\n<p>Poli\u021bia le recomand\u0103 \u0219oferilor s\u0103 reduc\u0103 viteza, s\u0103 p\u0103streze distan\u021ba de siguran\u021b\u0103 fa\u021b\u0103 de celelalte vehicule \u0219i\u00a0s\u0103 fie aten\u021bi la efectuarea manevrelor.<\/p>","protected":false},"excerpt":{"rendered":"<p>La kilometrul 31 traficul a fost restric\u021bionat ca urmare a unui carambol \u00een care au&hellip;<\/p>\n","protected":false},"author":0,"featured_media":54434,"comment_status":"open","ping_status":"open","sticky":false,"template":"","format":"standard","meta":{"footnotes":""},"categories":[2],"tags":[],"class_list":["post-54433","post","type-post","status-publish","format-standard","has-post-thumbnail","hentry","category-actual"],"_links":{"self":[{"href":"https:\/\/247stiri.ro\/index.php\/wp-json\/wp\/v2\/posts\/54433","targetHints":{"allow":["GET"]}}],"collection":[{"href":"https:\/\/247stiri.ro\/index.php\/wp-json\/wp\/v2\/posts"}],"about":[{"href":"https:\/\/247stiri.ro\/index.php\/wp-json\/wp\/v2\/types\/post"}],"replies":[{"embeddable":true,"href":"https:\/\/247stiri.ro\/index.php\/wp-json\/wp\/v2\/comments?post=54433"}],"version-history":[{"count":0,"href":"https:\/\/247stiri.ro\/index.php\/wp-json\/wp\/v2\/posts\/54433\/revisions"}],"wp:featuredmedia":[{"embeddable":true,"href":"https:\/\/247stiri.ro\/index.php\/wp-json\/wp\/v2\/media\/54434"}],"wp:attachment":[{"href":"https:\/\/247stiri.ro\/index.php\/wp-json\/wp\/v2\/media?parent=54433"}],"wp:term":[{"taxonomy":"category","embeddable":true,"href":"https:\/\/247stiri.ro\/index.php\/wp-json\/wp\/v2\/categories?post=54433"},{"taxonomy":"post_tag","embeddable":true,"href":"https:\/\/247stiri.ro\/index.php\/wp-json\/wp\/v2\/tags?post=54433"}],"curies":[{"name":"wp","href":"https:\/\/api.w.org\/{rel}","templated":true}]}}