{"id":54440,"date":"2025-12-28T15:44:53","date_gmt":"2025-12-28T15:44:53","guid":{"rendered":"https:\/\/247stiri.ro\/index.php\/2025\/12\/28\/incendiu-in-sectorul-6-ministerul-mediului-spune-ca-nivelul-poluarii-se-mentine-in-limite-normale\/"},"modified":"2025-12-28T15:44:53","modified_gmt":"2025-12-28T15:44:53","slug":"incendiu-in-sectorul-6-ministerul-mediului-spune-ca-nivelul-poluarii-se-mentine-in-limite-normale","status":"publish","type":"post","link":"https:\/\/247stiri.ro\/index.php\/2025\/12\/28\/incendiu-in-sectorul-6-ministerul-mediului-spune-ca-nivelul-poluarii-se-mentine-in-limite-normale\/","title":{"rendered":"Incendiu \u00een Sectorul 6. Ministerul Mediului spune c\u0103 nivelul polu\u0103rii se men\u021bine \u00een limite normale"},"content":{"rendered":"<p>Ministerul Mediului monitorizeaz\u0103 cu aten\u021bie evolu\u021bia calit\u0103\u021bii aerului \u00een Capital\u0103, \u00een urma unui<a href=\"https:\/\/www.realitatea.net\/stiri\/actual\/incendiu-la-intrarea-in-bucuresti-pe-a1-un-depozit-cuprins-de-flacari_69510b66b0cc47085f4fdd2d\" target=\"_blank\"> incendiu de amploare<\/a> izbucnit duminic\u0103 la un depozit de pe Bulevardul Iuliu Maniu, \u00een Sectorul 6.<\/p>\n<p>Fl\u0103c\u0103rile au cuprins o suprafa\u021b\u0103 de aproximativ 2.000 de metri p\u0103tra\u021bi, unde ard instala\u021bii, centrale termice \u0219i diverse materiale plastice, exist\u00e2nd totodat\u0103 riscul de propagare c\u0103tre un punct de stocare a biomasei din vecin\u0103tate.<\/p>\n<p>Comisarii G\u0103rzii Na\u021bionale de Mediu sunt prezen\u021bi la fa\u021ba locului, \u00een timp ce pompierii depun eforturi pentru a izola focarul \u0219i a preveni extinderea acestuia.<\/p>\n<p>Cite\u0219te \u0219i: <a href=\"https:\/\/www.realitatea.net\/stiri\/actual\/incendiu-la-intrarea-in-bucuresti-pe-a1-un-depozit-cuprins-de-flacari_69510b66b0cc47085f4fdd2d\" target=\"_blank\">Incendiu DEVASTATOR la intrarea \u00een Bucure\u0219ti, pe A1. Un depozit a fost cuprins de fl\u0103c\u0103ri, s-a emis mesaj RO Alert \u00een mai multe sectoare- VIDEO<\/a><\/p>\n<p>Pentru o evaluare precis\u0103 a impactului asupra mediului, un autolaborator mobil a fost deja amplasat \u00eentr-o zon\u0103 reziden\u021bial\u0103 aflat\u0103 pe direc\u021bia norului de fum.<\/p>\n<p>De\u0219i m\u0103sur\u0103torile efectuate de sta\u021biile fixe din proximitate nu indic\u0103 momentan dep\u0103\u0219iri critice ale valorilor de particule \u00een suspensie, autorit\u0103\u021bile r\u0103m\u00e2n \u00een alert\u0103. Conform prognozei Administra\u021biei Na\u021bionale de Meteorologie, v\u00e2ntul sufl\u0103 dinspre vest-nord-vest cu rafale de p\u00e2n\u0103 la 60 km\/h, \u00eemping\u00e2nd fumul c\u0103tre zonele de est \u0219i sud-est ale ora\u0219ului.<\/p>\n<p>Cite\u0219te \u0219i: <a href=\"https:\/\/www.realitatea.net\/stiri\/actual\/alexandru-rogobete-dupa-incendiul-din-sectorul-6-ma-ingrijoreaza-numarul-mare-de-pacienti-cu-arsuri-severe-este-mult-peste-media-ue_69513b1cd8c7d24401561562\" target=\"_blank\">Alexandru Rogobete, dup\u0103 incendiul din Sectorul 6: \u201eM\u0103 \u00eengrijoreaz\u0103 num\u0103rul mare de pacien\u021bi cu arsuri severe. Este mult peste media UE\u201d<\/a><\/p>\n<p>\u00cen acest context, popula\u021bia este sf\u0103tuit\u0103 s\u0103 respecte avertiz\u0103rile RO-ALERT \u0219i s\u0103 evite pe c\u00e2t posibil activit\u0103\u021bile \u00een aer liber.<\/p>\n<p>Odat\u0103 ce incendiul va fi lichidat, Garda Na\u021bional\u0103 de Mediu va demara o inspec\u021bie riguroas\u0103 pentru a stabili cauzele exacte ale incidentului \u0219i pentru a aplica sanc\u021biunile legale care se impun.<\/p>\n<p>P\u00e2n\u0103 la finalizarea interven\u021biei, monitorizarea calit\u0103\u021bii aerului va continua \u00een regim permanent, asigur\u00e2ndu-se c\u0103 orice risc la adresa s\u0103n\u0103t\u0103\u021bii publice este comunicat imediat cet\u0103\u021benilor.<\/p>","protected":false},"excerpt":{"rendered":"<p>Ministerul Mediului monitorizeaz\u0103 cu aten\u021bie evolu\u021bia calit\u0103\u021bii aerului \u00een Capital\u0103, \u00een urma unui incendiu de&hellip;<\/p>\n","protected":false},"author":0,"featured_media":54441,"comment_status":"open","ping_status":"open","sticky":false,"template":"","format":"standard","meta":{"footnotes":""},"categories":[2],"tags":[],"class_list":["post-54440","post","type-post","status-publish","format-standard","has-post-thumbnail","hentry","category-actual"],"_links":{"self":[{"href":"https:\/\/247stiri.ro\/index.php\/wp-json\/wp\/v2\/posts\/54440","targetHints":{"allow":["GET"]}}],"collection":[{"href":"https:\/\/247stiri.ro\/index.php\/wp-json\/wp\/v2\/posts"}],"about":[{"href":"https:\/\/247stiri.ro\/index.php\/wp-json\/wp\/v2\/types\/post"}],"replies":[{"embeddable":true,"href":"https:\/\/247stiri.ro\/index.php\/wp-json\/wp\/v2\/comments?post=54440"}],"version-history":[{"count":0,"href":"https:\/\/247stiri.ro\/index.php\/wp-json\/wp\/v2\/posts\/54440\/revisions"}],"wp:featuredmedia":[{"embeddable":true,"href":"https:\/\/247stiri.ro\/index.php\/wp-json\/wp\/v2\/media\/54441"}],"wp:attachment":[{"href":"https:\/\/247stiri.ro\/index.php\/wp-json\/wp\/v2\/media?parent=54440"}],"wp:term":[{"taxonomy":"category","embeddable":true,"href":"https:\/\/247stiri.ro\/index.php\/wp-json\/wp\/v2\/categories?post=54440"},{"taxonomy":"post_tag","embeddable":true,"href":"https:\/\/247stiri.ro\/index.php\/wp-json\/wp\/v2\/tags?post=54440"}],"curies":[{"name":"wp","href":"https:\/\/api.w.org\/{rel}","templated":true}]}}