{"id":54442,"date":"2025-12-28T15:44:55","date_gmt":"2025-12-28T15:44:55","guid":{"rendered":"https:\/\/247stiri.ro\/index.php\/2025\/12\/28\/vantul-puternic-a-facut-ravagii-in-brasov-acoperisuri-luate-pe-sus-copaci-smulsi-din-radacini\/"},"modified":"2025-12-28T15:44:55","modified_gmt":"2025-12-28T15:44:55","slug":"vantul-puternic-a-facut-ravagii-in-brasov-acoperisuri-luate-pe-sus-copaci-smulsi-din-radacini","status":"publish","type":"post","link":"https:\/\/247stiri.ro\/index.php\/2025\/12\/28\/vantul-puternic-a-facut-ravagii-in-brasov-acoperisuri-luate-pe-sus-copaci-smulsi-din-radacini\/","title":{"rendered":"V\u00e2ntul puternic a f\u0103cut ravagii \u00een Bra\u0219ov. Acoperi\u0219uri luate pe sus, copaci smul\u0219i din r\u0103d\u0103cini"},"content":{"rendered":"<p>V\u00e2ntul de o violen\u021b\u0103 extrem\u0103 a provocat pagube \u00eensemnate \u00een jude\u021bul Bra\u0219ov pe parcursul zilei de duminic\u0103, 28 decembrie, \u00eens\u0103, din fericire, reprezentan\u021bii ISU Bra\u0219ov nu au raportat victime.<\/p>\n\n<p>\u00cen municipiul re\u0219edin\u021b\u0103, for\u021ba vijeliei a smuls tabla de pe acoperi\u0219urile a dou\u0103 blocuri, a desprins buc\u0103\u021bi de bitum de pe un al treilea imobil \u0219i a pus \u00een pericol trec\u0103torii prin desprinderea unei reclame stradale.<\/p>\n<p>Probleme similare s-au \u00eenregistrat \u0219i \u00een ora\u0219ul R\u00e2\u0219nov, unde re\u021beaua electric\u0103 a unei locuin\u021be a fost grav afectat\u0103.<\/p>\n<p>Pompierii militari au intervenit cu autospeciale \u0219i sc\u0103ri pentru securizarea elementelor de construc\u021bie, \u00een timp ce echipele Electrica au lucrat la remedierea avariilor la re\u021beaua de curent.<\/p>\n\n<p>Situa\u021bia a fost critic\u0103 \u0219i pe arterele rutiere din jude\u021b. Drumarii de la Direc\u021bia Regional\u0103 de Drumuri \u0219i Poduri (DRDP) au ac\u021bionat pe parcursul \u00eentregii dimine\u021bi cu peste 100 de utilaje de desz\u0103pezire \u0219i interven\u021bie, \u00een special pe DN73A, \u00eentre Z\u0103rne\u0219ti \u0219i Poiana M\u0103rului, pentru a \u00eendep\u0103rta arborii pr\u0103bu\u0219i\u021bi pe carosabil.<\/p>\n\n<p>Condi\u021biile r\u0103m\u00e2n extrem de dificile, av\u00e2nd \u00een vedere c\u0103 sudul jude\u021belor Bra\u0219ov \u0219i Sibiu se afl\u0103 sub Cod Ro\u0219u de viscol p\u00e2n\u0103 luni diminea\u021b\u0103. La altitudini de peste 1.700 de metri, viteza v\u00e2ntului dep\u0103\u0219e\u0219te 120 km\/h, fenomenele fiind de o intensitate devastatoare; un exemplu al for\u021bei naturii este distrugerea complet\u0103 a cabinetului medical Salvamont de pe v\u00e2rful P\u0103pu\u0219a, din jude\u021bul Gorj, care a fost pur \u0219i simplu spulberat de rafale.<\/p>","protected":false},"excerpt":{"rendered":"<p>V\u00e2ntul de o violen\u021b\u0103 extrem\u0103 a provocat pagube \u00eensemnate \u00een jude\u021bul Bra\u0219ov pe parcursul zilei&hellip;<\/p>\n","protected":false},"author":0,"featured_media":54443,"comment_status":"open","ping_status":"open","sticky":false,"template":"","format":"standard","meta":{"footnotes":""},"categories":[2],"tags":[],"class_list":["post-54442","post","type-post","status-publish","format-standard","has-post-thumbnail","hentry","category-actual"],"_links":{"self":[{"href":"https:\/\/247stiri.ro\/index.php\/wp-json\/wp\/v2\/posts\/54442","targetHints":{"allow":["GET"]}}],"collection":[{"href":"https:\/\/247stiri.ro\/index.php\/wp-json\/wp\/v2\/posts"}],"about":[{"href":"https:\/\/247stiri.ro\/index.php\/wp-json\/wp\/v2\/types\/post"}],"replies":[{"embeddable":true,"href":"https:\/\/247stiri.ro\/index.php\/wp-json\/wp\/v2\/comments?post=54442"}],"version-history":[{"count":0,"href":"https:\/\/247stiri.ro\/index.php\/wp-json\/wp\/v2\/posts\/54442\/revisions"}],"wp:featuredmedia":[{"embeddable":true,"href":"https:\/\/247stiri.ro\/index.php\/wp-json\/wp\/v2\/media\/54443"}],"wp:attachment":[{"href":"https:\/\/247stiri.ro\/index.php\/wp-json\/wp\/v2\/media?parent=54442"}],"wp:term":[{"taxonomy":"category","embeddable":true,"href":"https:\/\/247stiri.ro\/index.php\/wp-json\/wp\/v2\/categories?post=54442"},{"taxonomy":"post_tag","embeddable":true,"href":"https:\/\/247stiri.ro\/index.php\/wp-json\/wp\/v2\/tags?post=54442"}],"curies":[{"name":"wp","href":"https:\/\/api.w.org\/{rel}","templated":true}]}}