{"id":5447,"date":"2024-11-07T13:10:52","date_gmt":"2024-11-07T13:10:52","guid":{"rendered":"https:\/\/247stiri.ro\/index.php\/2024\/11\/07\/legea-pensiilor-militare-a-fost-contestata-de-avocatul-poporului-la-curtea-constitutionala-a-romaniei\/"},"modified":"2024-11-07T13:10:52","modified_gmt":"2024-11-07T13:10:52","slug":"legea-pensiilor-militare-a-fost-contestata-de-avocatul-poporului-la-curtea-constitutionala-a-romaniei","status":"publish","type":"post","link":"https:\/\/247stiri.ro\/index.php\/2024\/11\/07\/legea-pensiilor-militare-a-fost-contestata-de-avocatul-poporului-la-curtea-constitutionala-a-romaniei\/","title":{"rendered":"Legea pensiilor militare a fost contestat\u0103 de Avocatul Poporului la Curtea Constitu\u021bional\u0103 a Rom\u00e2niei"},"content":{"rendered":"<p>Conform unor surse din cadrul Cur\u021bii Constitu\u021bionale, Avocatul Poporului a contestat joi la Curtea Constitu\u021bional\u0103 noua propunere legislativ\u0103, pentru Completarea Legii nr 223\/2015, privind pensiile militare de stat, adoptat\u0103, luni, de Senat, \u00een calitate de camer\u0103 decizional\u0103.<\/p>\n<p>Aceast\u0103 Lege fusese adoptat\u0103, dup\u0103 protestele recente, c\u00e2nd sindicali\u0219tii din domeniu au protestat cu privire la aceast\u0103 lege, la finalul lunii octombrie, din Pia\u021ba Victoriei.<\/p>\n<p>Senatul a adoptat, luni, \u00een plen, proiectul de modificare a Legii pensiilor militare, cu amendamente, prin care se prevede c\u0103 pensiile aflate \u00een plat\u0103 se indexeaz\u0103 \u00een raport cu solda sau cu salariul de grad sau de func\u0163ie.<\/p>\n<p>Propunerea legislativ\u0103, ini\u0163iat\u0103 de un grup de parlamentari de la PNL, a fost adoptat\u0103 s\u0103pt\u0103m\u00e2na trecut\u0103 de Camera Deputa\u0163ilor \u015fi a primit, luni, \u00een Senat, 91 de voturi &#8222;pentru&#8221; \u015fi 8 ab\u0163ineri, Camera superioar\u0103 fiind for decizional.<\/p>\n<p>&#8222;Cuantumul pensiilor militare de stat, aflate \u00een plat\u0103, se actualizeaz\u0103 ori de c\u00e2te ori se majoreaz\u0103 solda de grad\/salariul gradului profesional \u015fi\/sau solda de func\u0163ie\/salariul de func\u0163ie al militarilor, poli\u0163i\u015ftilor \u015fi func\u0163ionarilor publici cu statut special din sistemul administra\u0163iei penitenciare, \u00een procentajele stabilite la art. 29, 30 \u015fi 108 \u015fi \u00een func\u0163ie de vechimea valorificat\u0103 prin ultima decizie de stabilire a pensiei militare, inclusiv prin excep\u0163ie de la prevederile art. 60, potrivit gradului militar\/profesional avut la data trecerii \u00een rezerv\u0103\/\u00eencet\u0103rii raporturilor de serviciu \u015fi a mediei soldelor de func\u0163ie\/salariilor de func\u0163ie \u015fi a drepturilor b\u0103ne\u015fti, care fac parte din baza de calcul folosit\u0103 pentru stabilirea pensiei militare de stat, conform legii, \u015fi valorificate \u00een ultima decizie de pensie&#8221;, prevede actul normativ adoptat de plenul Senatului, \u00een forma amendat\u0103 de Comisia de ap\u0103rare a Senatului.<\/p>\n<p>Aceste prevederi nu vor fi aplicate pensionarilor militari care exercit\u0103 func\u0163ia de membru al Guvernului, secretar de stat, subsecretar de stat sau func\u0163ii asimilate acestora, nici celor care au calitatea de parlamentar, pe perioada exercit\u0103rii acestor func\u0163ii, se mai arat\u0103 \u00een proiect.<\/p>\n<p>\u00cen cazul \u00een care, \u00een urma actualiz\u0103rii, rezult\u0103 o pensie mai mic\u0103 dec\u00e2t cea aflat\u0103 \u00een plat\u0103, atunci se va men\u0163ine suma \u00een plat\u0103.<\/p>\n<p>Senatul a eliminat articolul 60 (1) din forma proiectului adoptat\u0103 de Camera Deputa\u0163ilor care prevedea c\u0103 &#8222;dispozi\u0163iile art. 60 alin. (2) \u015fi (3) se aplic\u0103 \u00een mod corespunz\u0103tor \u015fi \u00een cadrul procedurii de actualizare a pensiilor militare de stat&#8221;.<\/p>\n<p>Senatorii au mai stabilit c\u0103, &#8222;\u00een termen de 30 de zile de la data intr\u0103rii \u00een vigoare a prezentei legi, Casele de pensii sectoriale actualizeaz\u0103 din oficiu toate pensiile militare de stat aflate \u00een plat\u0103, cu major\u0103rile soldei de grad\/salariului gradului profesional \u015fi al soldei de func\u0163ie\/ salariului de func\u0163ie, care au avut loc \u00een perioada 2015 &#8211; 2024&#8221;.<\/p>\n<p>Fondurile necesare pentru plata \u00een anul 2024 a acestor drepturi vor fi suportate din bugetele institu\u0163iilor din sistemul de ap\u0103rare, ordine public\u0103 \u015fi securitate na\u0163ional\u0103.<\/p>\n<p>Pre\u015fedintele Comisiei de ap\u0103rare, Nicoleta Pauliuc (PNL), consider\u0103 c\u0103, prin legea votat\u0103, parlamentarii au dovedit c\u0103 &#8222;le pas\u0103 de rezervi\u015fti&#8221;.<\/p>\n<p>&#8222;Sunt militari care ne-au spus c\u0103 au ocupat acelea\u015fi func\u0163ii, au acela\u015fi grad militar, au fost tot timpul \u00een Armat\u0103 \u015fi primesc pensii diferite. (&#8230;) Rom\u00e2nia este de 20 de ani \u00een NATO, a fost o decizie politic\u0103 atunci, dar s\u0103 nu uit\u0103m c\u0103 pensionarii militari sunt cei care trebuie trata\u0163i cu respect, av\u00e2nd o contribu\u0163ie foarte important\u0103 pentru ca Rom\u00e2nia s\u0103 se afle ast\u0103zi sub aceast\u0103 p\u0103l\u0103rie de securitate NATO. Ast\u0103zi am dovedit \u00eenc\u0103 o dat\u0103 c\u0103 ne pas\u0103 de rezervi\u015fti \u015fi c\u0103 inechit\u0103\u0163ile trebuie s\u0103 fie eliminate. Mai e un singur pas, Guvernul s\u0103 elaboreze normele \u015fi s\u0103 pun\u0103 \u00een aplicare acest text de lege&#8221;, a spus Pauliuc, de la tribuna Senatului.<\/p>\n<p>Senatorul Felix Stroe (PSD) a subliniat c\u0103 prin aceast\u0103 lege &#8222;se intr\u0103 \u00een normalitate&#8221; \u015fi &#8222;se repar\u0103 par\u0163ial lucrurile anormale, pentru c\u0103 \u00een domeniul pensiilor militare mai sunt \u00eenc\u0103 multe de f\u0103cut&#8221;.<\/p>\n<p>&#8222;A\u015f vrea s\u0103 termin\u0103m cu faptul c\u0103 &#8216;pensiile militare sunt pensii speciale&#8217;. Nu, nu am s\u0103 obosesc s\u0103 tot spun c\u0103 sunt pensii de serviciu. Except\u00e2nd c\u00e2teva pensii mai mari, care sunt ale unor generali cu pensii de conducere, majoritatea pensiilor militare sunt la limita decen\u0163ei, pensii care asigur\u0103 subzisten\u0163a celor care depun\u00e2nd jur\u0103m\u00e2ntul militar \u015fi-au asumat multiple priva\u0163iuni, au depus eforturi sus\u0163inute f\u0103r\u0103 s\u0103 se \u0163in\u0103 cont de s\u0103rb\u0103tori, de anotimpuri. Au fost \u00eentotdeauna acolo unde i-a chemat datoria. (&#8230;) Ast\u0103zi se repar\u0103 o inechitate profund\u0103 &#8211; diferen\u0163e mari ale pensiilor celor care au ie\u015fit la pensie, cu acela\u015fi grad, \u00een perioade diferite. Guvernul Rom\u00e2niei va elabora imediat normele metodologice&#8221;, a spus Stroe.<\/p>\n<p>Senatorul PSD Titus Corl\u0103\u0163ean \u015fi-a exprimat nemul\u0163umirea c\u0103 propunerea legislativ\u0103 ar fi trebuit ini\u0163iat\u0103 conform &#8222;\u00een\u0163elegerii din coali\u0163ie&#8221; de parlamentari PNL \u015fi PSD, \u015fi nu doar de liberali, dar a eviden\u0163iat votul pozitiv acordat proiectului de senatorii social-democra\u0163i, pentru c\u0103 &#8222;elimin\u0103 discrimin\u0103rile \u015fi inechit\u0103\u0163ile&#8221;.<\/p>\n<p>&#8222;A trebuit s\u0103 rezist\u0103m la o presiune din partea unora care au f\u0103cut o politic\u0103 foarte joas\u0103 de a &#8216;elimina pensiile speciale nesim\u0163ite&#8217;, ale militarilor, diploma\u0163ilor \u015famd, care (&#8230;) nu sunt nici pensii speciale, nici nesim\u0163ite, ci ocupa\u0163ionale, potrivit Pilonului din arhitectura institu\u0163ional\u0103 a Uniunii Europene&#8221;, a ar\u0103tat Corl\u0103\u0163ean adres\u00e2ndu-se parlamentarilor USR.<\/p>\n<p>Senatorul neafiliat Liviu Br\u0103tescu a punctat &#8222;actul de dreptate&#8221; f\u0103cut prin adoptarea legii. &#8222;Nu facem o favoare, ci facem dreptate celor care au servit statul rom\u00e2n&#8221;, a men\u0163ionat el.<\/p>\n<p>Senatorul Irineu Dar\u0103u (USR) a eviden\u0163iat c\u0103 propunerea legislativ\u0103 ar fi trebuit repartizat\u0103 \u015fi Comisiei de munc\u0103 din Senat, m\u0103car pentru aviz.<\/p>\n<p>&#8222;Sunt foarte multe inechit\u0103\u0163i \u00een sistemul de salarizare public\u0103 \u015fi \u00een sistemul public de pensii publice. (&#8230;) Situa\u0163ia soldelor militarilor \u015fi pensiilor militarilor, inclusiv neindexarea, se prelunge\u015fte din 2017 \u00eencoace. (&#8230;) Faptul c\u0103 ajungem \u00een noiembrie cu asemenea lucruri, \u00eenainte de alegeri, este cel pu\u0163in nefericit \u015fi arat\u0103 o lips\u0103 de responsabilitate a celor care au fost la putere. (&#8230;) USR a cerut mereu adecvarea soldelor la nivelul la care ar trebui s\u0103 fie \u015fi apoi adecvarea pensiilor&#8221;, a mai spus Dar\u0103u.<\/p>\n<p>Senatorul AUR Aelenei Evdochia le-a mul\u0163umit rezervi\u015ftilor pentru c\u0103 &#8222;au luptat at\u00e2\u0163ia ani pentru ca legea s\u0103 se \u00eenf\u0103ptuiasc\u0103&#8221;.<\/p>","protected":false},"excerpt":{"rendered":"<p>Conform unor surse din cadrul Cur\u021bii Constitu\u021bionale, Avocatul Poporului a contestat joi la Curtea Constitu\u021bional\u0103&hellip;<\/p>\n","protected":false},"author":0,"featured_media":5448,"comment_status":"open","ping_status":"open","sticky":false,"template":"","format":"standard","meta":{"footnotes":""},"categories":[2],"tags":[],"class_list":["post-5447","post","type-post","status-publish","format-standard","has-post-thumbnail","hentry","category-actual"],"_links":{"self":[{"href":"https:\/\/247stiri.ro\/index.php\/wp-json\/wp\/v2\/posts\/5447","targetHints":{"allow":["GET"]}}],"collection":[{"href":"https:\/\/247stiri.ro\/index.php\/wp-json\/wp\/v2\/posts"}],"about":[{"href":"https:\/\/247stiri.ro\/index.php\/wp-json\/wp\/v2\/types\/post"}],"replies":[{"embeddable":true,"href":"https:\/\/247stiri.ro\/index.php\/wp-json\/wp\/v2\/comments?post=5447"}],"version-history":[{"count":0,"href":"https:\/\/247stiri.ro\/index.php\/wp-json\/wp\/v2\/posts\/5447\/revisions"}],"wp:featuredmedia":[{"embeddable":true,"href":"https:\/\/247stiri.ro\/index.php\/wp-json\/wp\/v2\/media\/5448"}],"wp:attachment":[{"href":"https:\/\/247stiri.ro\/index.php\/wp-json\/wp\/v2\/media?parent=5447"}],"wp:term":[{"taxonomy":"category","embeddable":true,"href":"https:\/\/247stiri.ro\/index.php\/wp-json\/wp\/v2\/categories?post=5447"},{"taxonomy":"post_tag","embeddable":true,"href":"https:\/\/247stiri.ro\/index.php\/wp-json\/wp\/v2\/tags?post=5447"}],"curies":[{"name":"wp","href":"https:\/\/api.w.org\/{rel}","templated":true}]}}