{"id":54473,"date":"2025-12-28T18:45:08","date_gmt":"2025-12-28T18:45:08","guid":{"rendered":"https:\/\/247stiri.ro\/index.php\/2025\/12\/28\/copiii-cu-nevoi-speciale-lasati-fara-banii-de-hrana-de-guvernul-bolojan\/"},"modified":"2025-12-28T18:45:08","modified_gmt":"2025-12-28T18:45:08","slug":"copiii-cu-nevoi-speciale-lasati-fara-banii-de-hrana-de-guvernul-bolojan","status":"publish","type":"post","link":"https:\/\/247stiri.ro\/index.php\/2025\/12\/28\/copiii-cu-nevoi-speciale-lasati-fara-banii-de-hrana-de-guvernul-bolojan\/","title":{"rendered":"Copiii cu nevoi speciale, l\u0103sa\u021bi f\u0103r\u0103 banii de hran\u0103 de Guvernul Bolojan"},"content":{"rendered":"<p>\u00cencep\u00e2nd cu prima zi a anului 2026, copiii cu dizabilit\u0103\u021bi grave \u0219i cei afecta\u021bi de HIV\/SIDA vor r\u0103m\u00e2ne f\u0103r\u0103 sprijinul financiar esen\u021bial pentru hran\u0103, ca urmare a celor mai recente m\u0103suri de reducere a deficitului bugetar.<\/p>\n<p>Decizia premierului Ilie Bolojan de a t\u0103ia aceste fonduri a provocat o reac\u021bie imediat\u0103 \u0219i vehement\u0103 din partea societ\u0103\u021bii civile, Uniunea Na\u021bional\u0103 a Organiza\u021biilor Persoanelor Afectate de HIV\/SIDA (UNOPA) solicit\u00e2nd anularea de urgen\u021b\u0103 a prevederii.<\/p>\n<p>P\u00e2n\u0103 la aceast\u0103 decizie, sumele acordate lunar pentru asigurarea nutri\u021biei acestor copii erau:<\/p>\n<p>463 de lei pentru copiii cu handicap grav;<\/p>\n<p>232 de lei pentru copiii cu handicap accentuat.<\/p>\n<p>Criticii m\u0103surii atrag aten\u021bia c\u0103 sacrificarea celor mai vulnerabile categorii de popula\u021bie pentru echilibrarea bugetului de stat reprezint\u0103 o eroare social\u0103 grav\u0103.<\/p>\n<p>Reprezentan\u021bii asocia\u021biilor de pacien\u021bi avertizeaz\u0103 c\u0103, pentru mul\u021bi dintre ace\u0219ti copii, indemniza\u021bia respectiv\u0103 f\u0103cea diferen\u021ba \u00eentre subzisten\u021b\u0103 \u0219i riscul real de \u00eenfometare, av\u00e2nd \u00een vedere costurile ridicate ale tratamentelor \u0219i regimurilor alimentare speciale de care au nevoie.<\/p>","protected":false},"excerpt":{"rendered":"<p>\u00cencep\u00e2nd cu prima zi a anului 2026, copiii cu dizabilit\u0103\u021bi grave \u0219i cei afecta\u021bi de&hellip;<\/p>\n","protected":false},"author":0,"featured_media":54469,"comment_status":"open","ping_status":"open","sticky":false,"template":"","format":"standard","meta":{"footnotes":""},"categories":[2],"tags":[],"class_list":["post-54473","post","type-post","status-publish","format-standard","has-post-thumbnail","hentry","category-actual"],"_links":{"self":[{"href":"https:\/\/247stiri.ro\/index.php\/wp-json\/wp\/v2\/posts\/54473","targetHints":{"allow":["GET"]}}],"collection":[{"href":"https:\/\/247stiri.ro\/index.php\/wp-json\/wp\/v2\/posts"}],"about":[{"href":"https:\/\/247stiri.ro\/index.php\/wp-json\/wp\/v2\/types\/post"}],"replies":[{"embeddable":true,"href":"https:\/\/247stiri.ro\/index.php\/wp-json\/wp\/v2\/comments?post=54473"}],"version-history":[{"count":0,"href":"https:\/\/247stiri.ro\/index.php\/wp-json\/wp\/v2\/posts\/54473\/revisions"}],"wp:featuredmedia":[{"embeddable":true,"href":"https:\/\/247stiri.ro\/index.php\/wp-json\/wp\/v2\/media\/54469"}],"wp:attachment":[{"href":"https:\/\/247stiri.ro\/index.php\/wp-json\/wp\/v2\/media?parent=54473"}],"wp:term":[{"taxonomy":"category","embeddable":true,"href":"https:\/\/247stiri.ro\/index.php\/wp-json\/wp\/v2\/categories?post=54473"},{"taxonomy":"post_tag","embeddable":true,"href":"https:\/\/247stiri.ro\/index.php\/wp-json\/wp\/v2\/tags?post=54473"}],"curies":[{"name":"wp","href":"https:\/\/api.w.org\/{rel}","templated":true}]}}