{"id":54480,"date":"2025-12-28T19:45:20","date_gmt":"2025-12-28T19:45:20","guid":{"rendered":"https:\/\/247stiri.ro\/index.php\/2025\/12\/28\/romania-sub-asediul-inghetului-ianuarie-2026-debuteaza-cu-temperaturi-record-si-fenomene-extreme\/"},"modified":"2025-12-28T19:45:20","modified_gmt":"2025-12-28T19:45:20","slug":"romania-sub-asediul-inghetului-ianuarie-2026-debuteaza-cu-temperaturi-record-si-fenomene-extreme","status":"publish","type":"post","link":"https:\/\/247stiri.ro\/index.php\/2025\/12\/28\/romania-sub-asediul-inghetului-ianuarie-2026-debuteaza-cu-temperaturi-record-si-fenomene-extreme\/","title":{"rendered":"Rom\u00e2nia, sub asediul \u00eenghe\u021bului. Ianuarie 2026 debuteaz\u0103 cu temperaturi record \u0219i fenomene extreme"},"content":{"rendered":"<p>Iarna 2025\u20132026 se contureaz\u0103 a fi una dintre cele mai severe din ultimele decenii, sub influen\u021ba unei anomalii de presiune rare ap\u0103rute \u00een stratosfer\u0103.<\/p>\n<p>Potrivit exper\u021bilor de la <a href=\"https:\/\/www.severe-weather.eu\/\" target=\"_blank\">Severe-weather.eu<\/a>, structura vortexului polar a fost grav afectat\u0103 de un episod de \u00eenc\u0103lzire stratosferic\u0103 produs la cump\u0103na dintre lunile noiembrie \u0219i decembrie 2025. Acest fenomen este considerat unul istoric, fiind printre cele mai timpurii \u00eenregistrate \u00een ultimii 70 de ani.<\/p>\n<p>Mecanismul de propagare a gerului Speciali\u0219tii avertizeaz\u0103 c\u0103 efectele acestei perturb\u0103ri stratosferice nu sunt imediate, ci se propag\u0103 c\u0103tre sol cu o \u00eent\u00e2rziere de aproximativ 20\u201340 de zile.<\/p>\n<p>Acest interval plaseaz\u0103 v\u00e2rful valului de aer arctic exact \u00een luna ianuarie, c\u00e2nd masele de aer polar vor cobor\u00ee stabil c\u0103tre latitudinile medii. \u00cen prezent, vortexul s-a divizat \u00een dou\u0103 nuclee de putere, care \u00eemping aerul \u00eenghe\u021bat direct c\u0103tre Europa \u0219i America de Nord.<\/p>\n<p>Unde va lovi \u00eenghe\u021bul?<\/p>\n<p>\u00cen Europa, configura\u021bia presiunii (valori ridicate \u00een nord \u0219i joase pe continent) va ac\u021biona ca un \u201easpirator\u201d de aer rece, men\u021bin\u00e2nd temperaturile sc\u0103zute pe perioade lungi.<\/p>\n<p>\u00cen America de Nord, ncleul arctic va sta\u021biona deasupra Canadei, trimi\u021b\u00e2nd fluxuri de aer polar c\u0103tre regiunile Midwest, Marile Lacuri \u0219i Nord-Estul SUA.<\/p>\n<p>Rom\u00e2nia se afl\u0103 deja sub un cod ro\u0219u de ger \u0219i viscol. Contextul actual aminte\u0219te de episodul sever din februarie 2025, c\u00e2nd temperaturile au atins pragul de -15\u00b0C, \u00eens\u0103 prognozele actuale indic\u0103 o iarn\u0103 mult mai lung\u0103 \u0219i mai agresiv\u0103.<\/p>\n<p>Iarn\u0103 grea, cu ninsori abundente \u0219i ger n\u0103prasnic<\/p>\n<p>De\u0219i exist\u0103 posibilitatea ca vortexul polar superior s\u0103 se consolideze temporar, meteorologii avertizeaz\u0103 c\u0103 \u201er\u0103ul a fost deja f\u0103cut\u201d. Separarea straturilor inferioare ale atmosferei va asigura un flux constant de mase de aer polar, ceea ce \u00eenseamn\u0103 c\u0103 episoadele de ninsoare abundent\u0103 \u0219i gerul n\u0103prasnic vor domina peisajul meteorologic al \u00eentregului sezon.<\/p>","protected":false},"excerpt":{"rendered":"<p>Iarna 2025\u20132026 se contureaz\u0103 a fi una dintre cele mai severe din ultimele decenii, sub&hellip;<\/p>\n","protected":false},"author":0,"featured_media":54481,"comment_status":"open","ping_status":"open","sticky":false,"template":"","format":"standard","meta":{"footnotes":""},"categories":[2],"tags":[],"class_list":["post-54480","post","type-post","status-publish","format-standard","has-post-thumbnail","hentry","category-actual"],"_links":{"self":[{"href":"https:\/\/247stiri.ro\/index.php\/wp-json\/wp\/v2\/posts\/54480","targetHints":{"allow":["GET"]}}],"collection":[{"href":"https:\/\/247stiri.ro\/index.php\/wp-json\/wp\/v2\/posts"}],"about":[{"href":"https:\/\/247stiri.ro\/index.php\/wp-json\/wp\/v2\/types\/post"}],"replies":[{"embeddable":true,"href":"https:\/\/247stiri.ro\/index.php\/wp-json\/wp\/v2\/comments?post=54480"}],"version-history":[{"count":0,"href":"https:\/\/247stiri.ro\/index.php\/wp-json\/wp\/v2\/posts\/54480\/revisions"}],"wp:featuredmedia":[{"embeddable":true,"href":"https:\/\/247stiri.ro\/index.php\/wp-json\/wp\/v2\/media\/54481"}],"wp:attachment":[{"href":"https:\/\/247stiri.ro\/index.php\/wp-json\/wp\/v2\/media?parent=54480"}],"wp:term":[{"taxonomy":"category","embeddable":true,"href":"https:\/\/247stiri.ro\/index.php\/wp-json\/wp\/v2\/categories?post=54480"},{"taxonomy":"post_tag","embeddable":true,"href":"https:\/\/247stiri.ro\/index.php\/wp-json\/wp\/v2\/tags?post=54480"}],"curies":[{"name":"wp","href":"https:\/\/api.w.org\/{rel}","templated":true}]}}