{"id":5449,"date":"2024-11-07T13:10:52","date_gmt":"2024-11-07T13:10:52","guid":{"rendered":"https:\/\/247stiri.ro\/index.php\/2024\/11\/07\/aparitie-uluitoare-pe-strazile-lugojului-un-pui-de-ras-a-fost-filmat-de-un-trecator-animalul-pare-ranit-video\/"},"modified":"2024-11-07T13:10:52","modified_gmt":"2024-11-07T13:10:52","slug":"aparitie-uluitoare-pe-strazile-lugojului-un-pui-de-ras-a-fost-filmat-de-un-trecator-animalul-pare-ranit-video","status":"publish","type":"post","link":"https:\/\/247stiri.ro\/index.php\/2024\/11\/07\/aparitie-uluitoare-pe-strazile-lugojului-un-pui-de-ras-a-fost-filmat-de-un-trecator-animalul-pare-ranit-video\/","title":{"rendered":"Apari\u021bie uluitoare pe str\u0103zile Lugojului. Un pui de r\u00e2s a fost filmat de un trec\u0103tor: animalul pare r\u0103nit VIDEO"},"content":{"rendered":"<p>Un trec\u0103tor a filmat puiul de r\u00e2s pe o strad\u0103 din municipiul Lugoj din jude\u0163ul Timi\u015f, \u00een noaptea de miercuri spre joi, \u00een jurul orei 3.20. Conform imaginilor, animalul pare s\u0103 fie r\u0103nit.\u00a0<\/p>\n\n<p>\u201dE posibil ca acest r\u00e2s s\u0103 fi fost \u0163inut \u00een captivitate \u015fi s\u0103 fi sc\u0103pat. R\u00e2sul este o specie protejat\u0103, nu ai voie s\u0103-l \u00eempu\u015fti, mai ales dac\u0103 se afl\u0103 \u00een ora\u015f. \u00cen astfel de cazuri ar trebui s\u0103 intervin\u0103 cineva cu o arm\u0103 tranchilizant\u0103 (&#8230;) Dar pentru a tranchiliza sau captura un r\u00e2s, este nevoie de o aprobare de la Agen\u0163ia de Mediu\u201d, a declarat Cornel Lera, directorul Asocia\u0163iei Jude\u0163ene a V\u00e2n\u0103torilor \u015fi Pescarilor Sportivi Timi\u015f, pentru lugojeanul.ro.<\/p>\n<p><a href=\"https:\/\/www.realitatea.net\/stiri\/actual\/cartier-din-galati-terorizat-de-sacali-oamenii-sunt-ingroziti_6618e11db0e4801b880ad2dc\" target=\"_blank\" rel=\"noopener\">Cartier din Gala\u021bi, terorizat de \u0219acali. Oamenii sunt \u00eengrozi\u021bi<\/a><\/p>","protected":false},"excerpt":{"rendered":"<p>Un trec\u0103tor a filmat puiul de r\u00e2s pe o strad\u0103 din municipiul Lugoj din jude\u0163ul&hellip;<\/p>\n","protected":false},"author":0,"featured_media":5450,"comment_status":"open","ping_status":"open","sticky":false,"template":"","format":"standard","meta":{"footnotes":""},"categories":[2],"tags":[],"class_list":["post-5449","post","type-post","status-publish","format-standard","has-post-thumbnail","hentry","category-actual"],"_links":{"self":[{"href":"https:\/\/247stiri.ro\/index.php\/wp-json\/wp\/v2\/posts\/5449","targetHints":{"allow":["GET"]}}],"collection":[{"href":"https:\/\/247stiri.ro\/index.php\/wp-json\/wp\/v2\/posts"}],"about":[{"href":"https:\/\/247stiri.ro\/index.php\/wp-json\/wp\/v2\/types\/post"}],"replies":[{"embeddable":true,"href":"https:\/\/247stiri.ro\/index.php\/wp-json\/wp\/v2\/comments?post=5449"}],"version-history":[{"count":0,"href":"https:\/\/247stiri.ro\/index.php\/wp-json\/wp\/v2\/posts\/5449\/revisions"}],"wp:featuredmedia":[{"embeddable":true,"href":"https:\/\/247stiri.ro\/index.php\/wp-json\/wp\/v2\/media\/5450"}],"wp:attachment":[{"href":"https:\/\/247stiri.ro\/index.php\/wp-json\/wp\/v2\/media?parent=5449"}],"wp:term":[{"taxonomy":"category","embeddable":true,"href":"https:\/\/247stiri.ro\/index.php\/wp-json\/wp\/v2\/categories?post=5449"},{"taxonomy":"post_tag","embeddable":true,"href":"https:\/\/247stiri.ro\/index.php\/wp-json\/wp\/v2\/tags?post=5449"}],"curies":[{"name":"wp","href":"https:\/\/api.w.org\/{rel}","templated":true}]}}