{"id":54494,"date":"2025-12-28T22:45:36","date_gmt":"2025-12-28T22:45:36","guid":{"rendered":"https:\/\/247stiri.ro\/index.php\/2025\/12\/28\/a-murit-colonelul-ion-vasile-banu-singurul-veteran-de-razboi-decorat-de-presedintele-nicusor-dan\/"},"modified":"2025-12-28T22:45:36","modified_gmt":"2025-12-28T22:45:36","slug":"a-murit-colonelul-ion-vasile-banu-singurul-veteran-de-razboi-decorat-de-presedintele-nicusor-dan","status":"publish","type":"post","link":"https:\/\/247stiri.ro\/index.php\/2025\/12\/28\/a-murit-colonelul-ion-vasile-banu-singurul-veteran-de-razboi-decorat-de-presedintele-nicusor-dan\/","title":{"rendered":"A murit colonelul Ion Vasile Banu, singurul veteran de r\u0103zboi decorat de pre\u0219edintele Nicu\u0219or Dan"},"content":{"rendered":"<p>Veteranul din Al Doilea R\u0103zboi Mondial, Ion Vasile Banu, a fost decorat pe 1 decembrie 2025 cu Ordinul Virtutea Militar\u0103 \u00een grad de Cavaler.<\/p>\n<p>\u201eLa 107 ani, domnul Ion Vasile Banu reprezint\u0103 esen\u0163a a ceea ce \u00eenseamn\u0103 dragostea de \u0163ar\u0103\u201d, argumenta pre\u015fedintele Nicu\u0219or Dan \u00een mesajul de la 1 decembrie, preciz\u00e2nd c\u0103 este un gest simbolic, prin care aducem un omagiu \u00eentregii genera\u0163ii de eroi care au scris cu s\u00e2ngele lor destinul \u0163\u0103rii noastre.\u201d, transmitea pre\u0219edintele Nicu\u0219or Dan pe 1 decembrie.<\/p>\n<p>\u201eSuntem \u015fi vom r\u0103m\u00e2ne datori s\u0103 \u00eei cinstim pe cei care au ap\u0103rat cu pre\u0163ul vie\u0163ii idealurile noastre de libertate, iar datorit\u0103 lor tr\u0103im ast\u0103zi \u00eentr-o Rom\u00e2nie liber\u0103, demn\u0103, democratic\u0103 \u015fi european\u0103\u201d, mai pre\u0219edintele.<\/p>\n<p>Anun\u021bul mor\u021bii colonelului Banu a fost f\u0103cut pe Facebook de c\u0103tre nepoata acestuia.<\/p>","protected":false},"excerpt":{"rendered":"<p>Veteranul din Al Doilea R\u0103zboi Mondial, Ion Vasile Banu, a fost decorat pe 1 decembrie&hellip;<\/p>\n","protected":false},"author":0,"featured_media":54495,"comment_status":"open","ping_status":"open","sticky":false,"template":"","format":"standard","meta":{"footnotes":""},"categories":[2],"tags":[],"class_list":["post-54494","post","type-post","status-publish","format-standard","has-post-thumbnail","hentry","category-actual"],"_links":{"self":[{"href":"https:\/\/247stiri.ro\/index.php\/wp-json\/wp\/v2\/posts\/54494","targetHints":{"allow":["GET"]}}],"collection":[{"href":"https:\/\/247stiri.ro\/index.php\/wp-json\/wp\/v2\/posts"}],"about":[{"href":"https:\/\/247stiri.ro\/index.php\/wp-json\/wp\/v2\/types\/post"}],"replies":[{"embeddable":true,"href":"https:\/\/247stiri.ro\/index.php\/wp-json\/wp\/v2\/comments?post=54494"}],"version-history":[{"count":0,"href":"https:\/\/247stiri.ro\/index.php\/wp-json\/wp\/v2\/posts\/54494\/revisions"}],"wp:featuredmedia":[{"embeddable":true,"href":"https:\/\/247stiri.ro\/index.php\/wp-json\/wp\/v2\/media\/54495"}],"wp:attachment":[{"href":"https:\/\/247stiri.ro\/index.php\/wp-json\/wp\/v2\/media?parent=54494"}],"wp:term":[{"taxonomy":"category","embeddable":true,"href":"https:\/\/247stiri.ro\/index.php\/wp-json\/wp\/v2\/categories?post=54494"},{"taxonomy":"post_tag","embeddable":true,"href":"https:\/\/247stiri.ro\/index.php\/wp-json\/wp\/v2\/tags?post=54494"}],"curies":[{"name":"wp","href":"https:\/\/api.w.org\/{rel}","templated":true}]}}