{"id":54535,"date":"2025-12-29T07:45:16","date_gmt":"2025-12-29T07:45:16","guid":{"rendered":"https:\/\/247stiri.ro\/index.php\/2025\/12\/29\/razboi-in-ucraina-ziua-1405-kievul-si-moscova-pozitii-divergente-privind-donbasul-zelenski-problema-teritoriului-ucrainean-complica-solutionarea-conflictului-live-text\/"},"modified":"2025-12-29T07:45:16","modified_gmt":"2025-12-29T07:45:16","slug":"razboi-in-ucraina-ziua-1405-kievul-si-moscova-pozitii-divergente-privind-donbasul-zelenski-problema-teritoriului-ucrainean-complica-solutionarea-conflictului-live-text","status":"publish","type":"post","link":"https:\/\/247stiri.ro\/index.php\/2025\/12\/29\/razboi-in-ucraina-ziua-1405-kievul-si-moscova-pozitii-divergente-privind-donbasul-zelenski-problema-teritoriului-ucrainean-complica-solutionarea-conflictului-live-text\/","title":{"rendered":"R\u0103zboi \u00een Ucraina, ziua 1405. Kievul \u0219i Moscova, pozi\u021bii divergente privind Donbasul. Zelenski: &#8222;Problema teritoriului ucrainean complic\u0103 solu\u021bionarea conflictului&#8221; &#8211; LIVE TEXT"},"content":{"rendered":"<p>UPDATE 7:20 &#8211; Ursula Von der Leyen, dup\u0103 discu\u0163iile de la Mar-a-Lago: &#8222;S-au \u00eenregistrat progrese semnificative. Sunt esen\u0163iale garan\u0163ii de securitate solide&#8221;<\/p>\n<p>\u015eefa Comisiei Europene, Ursula von der Leyen, a declarat c\u0103 salut\u0103 \u201eprogresele semnificative\u201d \u00eenregistrate \u00een cadrul discu\u0163iilor de la Mar-a-Lago cu privire la planul de pace pentru Ucraina.<\/p>\n<p>\u00a0 \u00centr-un mesaj pe X, ea a notat c\u0103 a avut o \u201econvorbire telefonic\u0103 fructuoas\u0103, de o or\u0103\u201d, cu Donald Trump, Volodimir Zelenski \u015fi mai mul\u0163i lideri europeni.<\/p>\n<p>\u201eS-au \u00eenregistrat progrese semnificative, pe care le-am salutat. Europa este preg\u0103tit\u0103 s\u0103 continue colaborarea cu Ucraina \u015fi cu partenerii no\u015ftri americani pentru a consolida aceste progrese\u201d, a precizat Von der Leyen.<\/p>\n<p>\u201ePentru acest efort, sunt esen\u0163iale garan\u0163ii de securitate solide \u00eenc\u0103 din prima zi.\u201d, a ad\u0103ugat ea.<\/p>\n<p>\u0218TIREA INI\u021aIAL\u0102<\/p>\n<p>&#8222;Trebuie s\u0103 respect\u0103m legea \u015fi poporul nostru, precum \u015fi teritoriul pe care \u00eel control\u0103m\u201d.<\/p>\n<p>\u201e\u015ei, desigur, atitudinea noastr\u0103 este foarte clar\u0103\u201d, adaug\u0103 el. \u201eDe aceea pre\u015fedintele Trump a spus c\u0103 aceasta este o chestiune foarte dificil\u0103.\u201d<\/p>\n<p>Zelenski a mai subliniat, dup\u0103 \u00eent\u00e2lnirea cu pre\u015fedintele american Donald Trump, c\u0103 problema teritoriului r\u0103m\u00e2ne dificil\u0103.<\/p>\n<p>Zelenski \u015fi-a reiterat pozi\u0163ia potrivit c\u0103reia problema teritoriului va trebui s\u0103 fie solu\u0163ionat\u0103 \u00een cele din urm\u0103 de poporul ucrainean \u015fi a men\u0163ionat c\u0103 un referendum ar putea fi organizat pentru orice aspect al planului de pace, nu doar pentru teritoriu. De asemenea, el a l\u0103sat deschis\u0103 posibilitatea implic\u0103rii parlamentului.<\/p>\n<p>\u201ePutem organiza un referendum cu privire la orice aspect al acestui plan\u201d, a spus el. \u201eDesigur, societatea noastr\u0103 trebuie s\u0103 aleag\u0103\u201d, iar ucrainenii sunt cei care trebuie s\u0103 voteze, \u201epentru c\u0103 este p\u0103m\u00e2ntul lor, p\u0103m\u00e2ntul, nu al unei singure persoane. Este p\u0103m\u00e2ntul na\u0163iunii noastre de multe genera\u0163ii\u201d.<\/p>","protected":false},"excerpt":{"rendered":"<p>UPDATE 7:20 &#8211; Ursula Von der Leyen, dup\u0103 discu\u0163iile de la Mar-a-Lago: &#8222;S-au \u00eenregistrat progrese&hellip;<\/p>\n","protected":false},"author":0,"featured_media":54536,"comment_status":"open","ping_status":"open","sticky":false,"template":"","format":"standard","meta":{"footnotes":""},"categories":[4],"tags":[],"class_list":["post-54535","post","type-post","status-publish","format-standard","has-post-thumbnail","hentry","category-extern"],"_links":{"self":[{"href":"https:\/\/247stiri.ro\/index.php\/wp-json\/wp\/v2\/posts\/54535","targetHints":{"allow":["GET"]}}],"collection":[{"href":"https:\/\/247stiri.ro\/index.php\/wp-json\/wp\/v2\/posts"}],"about":[{"href":"https:\/\/247stiri.ro\/index.php\/wp-json\/wp\/v2\/types\/post"}],"replies":[{"embeddable":true,"href":"https:\/\/247stiri.ro\/index.php\/wp-json\/wp\/v2\/comments?post=54535"}],"version-history":[{"count":0,"href":"https:\/\/247stiri.ro\/index.php\/wp-json\/wp\/v2\/posts\/54535\/revisions"}],"wp:featuredmedia":[{"embeddable":true,"href":"https:\/\/247stiri.ro\/index.php\/wp-json\/wp\/v2\/media\/54536"}],"wp:attachment":[{"href":"https:\/\/247stiri.ro\/index.php\/wp-json\/wp\/v2\/media?parent=54535"}],"wp:term":[{"taxonomy":"category","embeddable":true,"href":"https:\/\/247stiri.ro\/index.php\/wp-json\/wp\/v2\/categories?post=54535"},{"taxonomy":"post_tag","embeddable":true,"href":"https:\/\/247stiri.ro\/index.php\/wp-json\/wp\/v2\/tags?post=54535"}],"curies":[{"name":"wp","href":"https:\/\/api.w.org\/{rel}","templated":true}]}}