{"id":54579,"date":"2025-12-29T09:44:49","date_gmt":"2025-12-29T09:44:49","guid":{"rendered":"https:\/\/247stiri.ro\/index.php\/2025\/12\/29\/drama-in-ziua-de-craciun-o-fetita-de-doi-ani-a-murit-dupa-ce-a-cazut-in-iaz\/"},"modified":"2025-12-29T09:44:49","modified_gmt":"2025-12-29T09:44:49","slug":"drama-in-ziua-de-craciun-o-fetita-de-doi-ani-a-murit-dupa-ce-a-cazut-in-iaz","status":"publish","type":"post","link":"https:\/\/247stiri.ro\/index.php\/2025\/12\/29\/drama-in-ziua-de-craciun-o-fetita-de-doi-ani-a-murit-dupa-ce-a-cazut-in-iaz\/","title":{"rendered":"Dram\u0103 \u00een ziua de Cr\u0103ciun: o feti\u021b\u0103 de doi ani a murit dup\u0103 ce a c\u0103zut \u00een iaz"},"content":{"rendered":"<p>Cum s-a produs tragedia?<\/p>\n<p><a href=\"https:\/\/www.realitatea.net\/stiri\/extern\/sfarsit-terifiant-pentru-o-tanara-de-15-ani-lucy-a-murit-dupa-ce-a-mancat-pizza-si-chipsuri-apoi-a-intrat-in-apa-sa-inoate_688ce945bc8dbe616d53396a\" target=\"_blank\">Evenimentul s-a produs<\/a> \u00een prima zi de Cr\u0103ciun, la domiciliul familiei din Doncaster, South Yorkshire. Isobel se afla \u00een locuin\u021b\u0103, \u00eens\u0103, la un moment dat, a ajuns \u00een gr\u0103din\u0103, unde a c\u0103zut \u00een iaz. Rudele au intervenit imediat \u0219i au \u00eencercat s\u0103 o resusciteze p\u00e2n\u0103 la sosirea echipajelor medicale. Din p\u0103cate, feti\u021ba a decedat la scurt timp dup\u0103 ce a fost transportat\u0103 la spital.<\/p>\n<p>Familia este profund marcat\u0103 de pierderea suferit\u0103, cu at\u00e2t mai mult cu c\u00e2t p\u0103rin\u021bii se mutaser\u0103 de cur\u00e2nd \u00een acea locuin\u021b\u0103. Tragedia a l\u0103sat \u00een urm\u0103 o durere greu de descris, iar apropia\u021bii \u00eencearc\u0103 acum s\u0103 le ofere sprijin \u00eentr-un moment extrem de dificil.<\/p>\n<p>Rudele au ini\u021biat o campanie de str\u00e2ngere de fonduri pentru a acoperi costurile \u00eenmorm\u00e2nt\u0103rii \u0219i pentru a o ajuta pe mama feti\u021bei, care se confrunt\u0103 cu o dubl\u0103 \u00eencercare emo\u021bional\u0103. Femeia este \u00eens\u0103rcinat\u0103 \u00een \u0219ase luni cu cel de-al doilea copil, un b\u0103ie\u021bel, \u0219i este devastat\u0103 de pierderea fiicei sale.<\/p>\n<p><a href=\"https:\/\/www.realitatea.net\/stiri\/actual\/povestea-dureroasa-a-micutei-aisha-copila-a-ramas-orfana-la-9-luni-dupa-ce-parintii-sai-sau-inecat-in-apele-dunarii-cu-pretul-de-ao-salva_6880c8132746c25221652943\" target=\"_blank\">M\u0103tu\u0219a micu\u021bei a explicat<\/a> c\u0103 scopul campaniei este de a reduce presiunea financiar\u0103 asupra mamei \u00eendoliate, astfel \u00eenc\u00e2t aceasta s\u0103 se poat\u0103 concentra pe vindecarea emo\u021bional\u0103 \u0219i pe sarcina pe care o duce. Potrivit acesteia, femeia are nevoie de sprijin, nu de griji legate de cheltuieli, munc\u0103 sau proceduri administrative, \u00eentr-o perioad\u0103 \u00een care durerea pierderii copilului este cople\u0219itoare.<\/p>\n<p>Familia sper\u0103 ca solidaritatea celor din jur s\u0103 le ofere un strop de alinare \u0219i s\u0103 ajute mama \u00eendurerat\u0103 s\u0103 g\u0103seasc\u0103 puterea necesar\u0103 pentru a merge mai departe, \u00een memoria micu\u021bei Isobel.<\/p>","protected":false},"excerpt":{"rendered":"<p>Cum s-a produs tragedia? Evenimentul s-a produs \u00een prima zi de Cr\u0103ciun, la domiciliul familiei&hellip;<\/p>\n","protected":false},"author":0,"featured_media":54580,"comment_status":"open","ping_status":"open","sticky":false,"template":"","format":"standard","meta":{"footnotes":""},"categories":[4],"tags":[],"class_list":["post-54579","post","type-post","status-publish","format-standard","has-post-thumbnail","hentry","category-extern"],"_links":{"self":[{"href":"https:\/\/247stiri.ro\/index.php\/wp-json\/wp\/v2\/posts\/54579","targetHints":{"allow":["GET"]}}],"collection":[{"href":"https:\/\/247stiri.ro\/index.php\/wp-json\/wp\/v2\/posts"}],"about":[{"href":"https:\/\/247stiri.ro\/index.php\/wp-json\/wp\/v2\/types\/post"}],"replies":[{"embeddable":true,"href":"https:\/\/247stiri.ro\/index.php\/wp-json\/wp\/v2\/comments?post=54579"}],"version-history":[{"count":0,"href":"https:\/\/247stiri.ro\/index.php\/wp-json\/wp\/v2\/posts\/54579\/revisions"}],"wp:featuredmedia":[{"embeddable":true,"href":"https:\/\/247stiri.ro\/index.php\/wp-json\/wp\/v2\/media\/54580"}],"wp:attachment":[{"href":"https:\/\/247stiri.ro\/index.php\/wp-json\/wp\/v2\/media?parent=54579"}],"wp:term":[{"taxonomy":"category","embeddable":true,"href":"https:\/\/247stiri.ro\/index.php\/wp-json\/wp\/v2\/categories?post=54579"},{"taxonomy":"post_tag","embeddable":true,"href":"https:\/\/247stiri.ro\/index.php\/wp-json\/wp\/v2\/tags?post=54579"}],"curies":[{"name":"wp","href":"https:\/\/api.w.org\/{rel}","templated":true}]}}