{"id":54583,"date":"2025-12-29T09:44:52","date_gmt":"2025-12-29T09:44:52","guid":{"rendered":"https:\/\/247stiri.ro\/index.php\/2025\/12\/29\/focarul-de-pesta-porcina-din-arad-a-fost-stins-mii-de-animale-au-fost-ucise-preventiv-in-prag-de-sarbatori\/"},"modified":"2025-12-29T09:44:52","modified_gmt":"2025-12-29T09:44:52","slug":"focarul-de-pesta-porcina-din-arad-a-fost-stins-mii-de-animale-au-fost-ucise-preventiv-in-prag-de-sarbatori","status":"publish","type":"post","link":"https:\/\/247stiri.ro\/index.php\/2025\/12\/29\/focarul-de-pesta-porcina-din-arad-a-fost-stins-mii-de-animale-au-fost-ucise-preventiv-in-prag-de-sarbatori\/","title":{"rendered":"Focarul de pest\u0103 porcin\u0103 din Arad a fost stins. Mii de animale au fost ucise preventiv \u00een prag de s\u0103rb\u0103tori"},"content":{"rendered":"<p>Directorul Direc\u021biei Sanitare Veterinare \u0219i pentru Siguran\u021ba Alimentelor Arad, Marcel Ro\u0219u, a declarat, luni, c\u0103 niciun caz nou de <a href=\"https:\/\/www.realitatea.net\/stiri\/actual\/focar-de-pesta-porcina-la-o-ferma-din-mehedinti-in-prag-de-sarbatori-peste-1500-de-porci-au-fost-sacrificati_6945417643512558c05a01a2\" target=\"_blank\">pest\u0103<\/a> nu a mai fost confirmat \u00een jude\u021b \u00een ultima lun\u0103, astfel c\u0103 ultimul care era activ, cel de la Olari, a fost declarat stins.<\/p>\n<p>\u201dToate m\u0103surile de restric\u021bie care au fost impuse la aceast\u0103 exploata\u021bie au fost ridicate, iar societatea comercial\u0103 poate relua trimiterea suinelor la sacrificare pentru valorificarea c\u0103rnii\u201d, a declarat Marcel Ro\u0219u.<\/p>\n<p>Potrivit lui, la nivelul jude\u021bului nu mai se impun restric\u021bii \u00een acest moment, dar vor r\u0103m\u00e2ne sub supraveghere special\u0103 marile exploata\u021bii comerciale.<\/p>\n<p>\u00cen jude\u021bul Arad func\u021bioneaz\u0103 22 de ferme mari de porci, cu un total de aproximativ 60.000 de capete.<\/p>\n<p>V\u0103 reamintim c\u0103 focarul de la Olari, descoperit la jum\u0103tatea lunii noiembrie, a afectat o ferm\u0103 \u00een care a trebuit s\u0103 se ia m\u0103sura uciderii preventive a peste 5.600 de porci. Ace\u0219tia au fost \u00eengropa\u021bi \u00een apropiere de exploata\u021bie, dup\u0103 ce au fost luate toate m\u0103surile de biosecuritate, groapa fiind c\u0103ptu\u0219it\u0103 cu o izola\u021bie special\u0103.<\/p>\n<p>De asemeena, \u00een acest sezon, au mai fost \u00eenregistrate patru focare de pest\u0103 porcin\u0103 african\u0103 \u00een gospod\u0103rii ale popula\u021biei \u0219i unul la porci mistre\u021bi.<\/p>","protected":false},"excerpt":{"rendered":"<p>Directorul Direc\u021biei Sanitare Veterinare \u0219i pentru Siguran\u021ba Alimentelor Arad, Marcel Ro\u0219u, a declarat, luni, c\u0103&hellip;<\/p>\n","protected":false},"author":0,"featured_media":54584,"comment_status":"open","ping_status":"open","sticky":false,"template":"","format":"standard","meta":{"footnotes":""},"categories":[2],"tags":[],"class_list":["post-54583","post","type-post","status-publish","format-standard","has-post-thumbnail","hentry","category-actual"],"_links":{"self":[{"href":"https:\/\/247stiri.ro\/index.php\/wp-json\/wp\/v2\/posts\/54583","targetHints":{"allow":["GET"]}}],"collection":[{"href":"https:\/\/247stiri.ro\/index.php\/wp-json\/wp\/v2\/posts"}],"about":[{"href":"https:\/\/247stiri.ro\/index.php\/wp-json\/wp\/v2\/types\/post"}],"replies":[{"embeddable":true,"href":"https:\/\/247stiri.ro\/index.php\/wp-json\/wp\/v2\/comments?post=54583"}],"version-history":[{"count":0,"href":"https:\/\/247stiri.ro\/index.php\/wp-json\/wp\/v2\/posts\/54583\/revisions"}],"wp:featuredmedia":[{"embeddable":true,"href":"https:\/\/247stiri.ro\/index.php\/wp-json\/wp\/v2\/media\/54584"}],"wp:attachment":[{"href":"https:\/\/247stiri.ro\/index.php\/wp-json\/wp\/v2\/media?parent=54583"}],"wp:term":[{"taxonomy":"category","embeddable":true,"href":"https:\/\/247stiri.ro\/index.php\/wp-json\/wp\/v2\/categories?post=54583"},{"taxonomy":"post_tag","embeddable":true,"href":"https:\/\/247stiri.ro\/index.php\/wp-json\/wp\/v2\/tags?post=54583"}],"curies":[{"name":"wp","href":"https:\/\/api.w.org\/{rel}","templated":true}]}}