{"id":54627,"date":"2025-12-29T11:46:55","date_gmt":"2025-12-29T11:46:55","guid":{"rendered":"https:\/\/247stiri.ro\/index.php\/2025\/12\/29\/esecul-urias-al-recalcularii-pensii-sub-cosul-minim-de-consum-pensionarii-fara-aparare-in-fata-austeritatii\/"},"modified":"2025-12-29T11:46:55","modified_gmt":"2025-12-29T11:46:55","slug":"esecul-urias-al-recalcularii-pensii-sub-cosul-minim-de-consum-pensionarii-fara-aparare-in-fata-austeritatii","status":"publish","type":"post","link":"https:\/\/247stiri.ro\/index.php\/2025\/12\/29\/esecul-urias-al-recalcularii-pensii-sub-cosul-minim-de-consum-pensionarii-fara-aparare-in-fata-austeritatii\/","title":{"rendered":"E\u0219ecul uria\u0219 al RECALCUL\u0102RII: pensii sub co\u0219ul minim de consum. Pensionarii, f\u0103r\u0103 ap\u0103rare \u00een fa\u021ba austerit\u0103\u021bii"},"content":{"rendered":"<p>Chiar \u0219i dup\u0103 marea recalculare de anul trecut, \u00een continuare majoritatea pensiilor rom\u00e2nilor sunt sub valoarea co\u0219ului de consum.<\/p>\n<p>Pensia medie a ajuns, potrivit datelor Casei de Pensii, la 2.777 de lei, \u00eens\u0103 co\u0219ul de consum pentru o singur\u0103 persoan\u0103, lunar, a dep\u0103\u0219it pragul de 4.300 de lei.<\/p>\n<p>Datele arat\u0103, totodat\u0103, c\u0103 am ajuns la 4,6 milioane de pensionari. Cei mai mul\u021bi sunt pensionari la limit\u0103 de v\u00e2rst\u0103, aproximativ 3,7 milioane de seniori, iar aici pensia medie dep\u0103\u0219e\u0219te pragul de 3.000 de lei, \u00eens\u0103 \u00een continuare insuficient, pentru c\u0103 \u0219tim, pensiile de peste 3.000 de lei sunt taxate &#8211; oamenii pl\u0103tesc contribu\u021bia la s\u0103n\u0103tate de 10%.<\/p>\n<p>Pe de alt\u0103 parte, datele ne arat\u0103 c\u0103 cele mai mici venituri sunt \u00eencasate de rom\u00e2nii care s-au pensionat pe caz de boal\u0103. Aici, pensia medie a fost de pu\u021bin peste 1.000 de lei \u0219i \u0219tim c\u0103 majoritatea au indemniza\u021bia minim\u0103 de 1.281 de lei.<\/p>","protected":false},"excerpt":{"rendered":"<p>Chiar \u0219i dup\u0103 marea recalculare de anul trecut, \u00een continuare majoritatea pensiilor rom\u00e2nilor sunt sub&hellip;<\/p>\n","protected":false},"author":0,"featured_media":54628,"comment_status":"open","ping_status":"open","sticky":false,"template":"","format":"standard","meta":{"footnotes":""},"categories":[2],"tags":[],"class_list":["post-54627","post","type-post","status-publish","format-standard","has-post-thumbnail","hentry","category-actual"],"_links":{"self":[{"href":"https:\/\/247stiri.ro\/index.php\/wp-json\/wp\/v2\/posts\/54627","targetHints":{"allow":["GET"]}}],"collection":[{"href":"https:\/\/247stiri.ro\/index.php\/wp-json\/wp\/v2\/posts"}],"about":[{"href":"https:\/\/247stiri.ro\/index.php\/wp-json\/wp\/v2\/types\/post"}],"replies":[{"embeddable":true,"href":"https:\/\/247stiri.ro\/index.php\/wp-json\/wp\/v2\/comments?post=54627"}],"version-history":[{"count":0,"href":"https:\/\/247stiri.ro\/index.php\/wp-json\/wp\/v2\/posts\/54627\/revisions"}],"wp:featuredmedia":[{"embeddable":true,"href":"https:\/\/247stiri.ro\/index.php\/wp-json\/wp\/v2\/media\/54628"}],"wp:attachment":[{"href":"https:\/\/247stiri.ro\/index.php\/wp-json\/wp\/v2\/media?parent=54627"}],"wp:term":[{"taxonomy":"category","embeddable":true,"href":"https:\/\/247stiri.ro\/index.php\/wp-json\/wp\/v2\/categories?post=54627"},{"taxonomy":"post_tag","embeddable":true,"href":"https:\/\/247stiri.ro\/index.php\/wp-json\/wp\/v2\/tags?post=54627"}],"curies":[{"name":"wp","href":"https:\/\/api.w.org\/{rel}","templated":true}]}}