{"id":54629,"date":"2025-12-29T11:46:56","date_gmt":"2025-12-29T11:46:56","guid":{"rendered":"https:\/\/247stiri.ro\/index.php\/2025\/12\/29\/ministrul-justitiei-radu-marinescu-pune-batista-pe-tambal-in-scandalul-ccr-nu-am-competente-nu-comentez\/"},"modified":"2025-12-29T11:46:56","modified_gmt":"2025-12-29T11:46:56","slug":"ministrul-justitiei-radu-marinescu-pune-batista-pe-tambal-in-scandalul-ccr-nu-am-competente-nu-comentez","status":"publish","type":"post","link":"https:\/\/247stiri.ro\/index.php\/2025\/12\/29\/ministrul-justitiei-radu-marinescu-pune-batista-pe-tambal-in-scandalul-ccr-nu-am-competente-nu-comentez\/","title":{"rendered":"Ministrul Justi\u021biei, Radu Marinescu, \u201epune batista pe \u021bambal\u201d, \u00een scandalul CCR: \u201eNu am competen\u021be, nu comentez!\u201d"},"content":{"rendered":"<p>Ministrul Justi\u021biei, Radu Marinescu (PSD), a adoptat o pozi\u021bie de maxim\u0103 pruden\u021b\u0103 \u00een fa\u021ba blocajului institu\u021bional de la Curtea Constitu\u021bional\u0103, subliniind limit\u0103rile stricte ale autorit\u0103\u021bii sale \u00een raport cu magistra\u021bii CCR. \u00ce<\/p>\n<p>ntr-o interven\u021bie televizat\u0103, oficialul a explicat c\u0103 ministerul nu poate comenta procedurile interne sau motivele care au dus la lipsa de cvorum, deoarece Curtea este un organism suveran, situat \u00een afara sferei autorit\u0103\u021bii judec\u0103tore\u0219ti clasice.<\/p>\n<p>Radu Marinescu recunoa\u0219te \u201eimixtiunea\u201d politicului \u00een justi\u021bie<\/p>\n<p>Referitor la acuza\u021biile de politizare, av\u00e2nd \u00een vedere c\u0103 judec\u0103torii care au p\u0103r\u0103sit \u0219edin\u021ba au fost propu\u0219i de PSD, Marinescu a recunoscut existen\u021ba unei componente politice \u00een mecanismul de numire, \u00eens\u0103 a insistat pe independen\u021ba total\u0103 a acestora dup\u0103 preluarea mandatului.<\/p>\n<p>Marinescu spune c\u0103 judec\u0103torii CCR beneficiaz\u0103 de inamovibilitate \u0219i nu pot fi supu\u0219i niciunui tip de presiune extern\u0103, \u00eentreaga responsabilitate pentru actul de justi\u021bie constitu\u021bional\u0103 apar\u021bin\u00e2nd exclusiv acestora.<\/p>\n<p>\u00cen ceea ce prive\u0219te aspectele tehnice ale am\u00e2n\u0103rii, ministrul a infirmat existen\u021ba unei solicit\u0103ri oficiale pentru un studiu de impact financiar, men\u021bion\u00e2nd c\u0103 a aflat de aceast\u0103 posibilitate doar din spa\u021biul public.<\/p>\n<p>Acesta a reamintit c\u0103 legea pensiilor a fost ini\u021biat\u0103 de Ministerul Muncii, iar rolul CCR r\u0103m\u00e2ne unul strict juridic: analizarea conformit\u0103\u021bii textului legii cu prevederile Constitu\u021biei, \u00een urma sesiz\u0103rii transmise de \u00cenalta Curte de Casa\u021bie \u0219i Justi\u021bie.<\/p>","protected":false},"excerpt":{"rendered":"<p>Ministrul Justi\u021biei, Radu Marinescu (PSD), a adoptat o pozi\u021bie de maxim\u0103 pruden\u021b\u0103 \u00een fa\u021ba blocajului&hellip;<\/p>\n","protected":false},"author":0,"featured_media":54626,"comment_status":"open","ping_status":"open","sticky":false,"template":"","format":"standard","meta":{"footnotes":""},"categories":[2],"tags":[],"class_list":["post-54629","post","type-post","status-publish","format-standard","has-post-thumbnail","hentry","category-actual"],"_links":{"self":[{"href":"https:\/\/247stiri.ro\/index.php\/wp-json\/wp\/v2\/posts\/54629","targetHints":{"allow":["GET"]}}],"collection":[{"href":"https:\/\/247stiri.ro\/index.php\/wp-json\/wp\/v2\/posts"}],"about":[{"href":"https:\/\/247stiri.ro\/index.php\/wp-json\/wp\/v2\/types\/post"}],"replies":[{"embeddable":true,"href":"https:\/\/247stiri.ro\/index.php\/wp-json\/wp\/v2\/comments?post=54629"}],"version-history":[{"count":0,"href":"https:\/\/247stiri.ro\/index.php\/wp-json\/wp\/v2\/posts\/54629\/revisions"}],"wp:featuredmedia":[{"embeddable":true,"href":"https:\/\/247stiri.ro\/index.php\/wp-json\/wp\/v2\/media\/54626"}],"wp:attachment":[{"href":"https:\/\/247stiri.ro\/index.php\/wp-json\/wp\/v2\/media?parent=54629"}],"wp:term":[{"taxonomy":"category","embeddable":true,"href":"https:\/\/247stiri.ro\/index.php\/wp-json\/wp\/v2\/categories?post=54629"},{"taxonomy":"post_tag","embeddable":true,"href":"https:\/\/247stiri.ro\/index.php\/wp-json\/wp\/v2\/tags?post=54629"}],"curies":[{"name":"wp","href":"https:\/\/api.w.org\/{rel}","templated":true}]}}