{"id":54632,"date":"2025-12-29T11:46:58","date_gmt":"2025-12-29T11:46:58","guid":{"rendered":"https:\/\/247stiri.ro\/index.php\/2025\/12\/29\/bataie-in-fata-unui-local-dintr-o-comuna-din-gorj-sapte-persoane-au-fost-retinute\/"},"modified":"2025-12-29T11:46:58","modified_gmt":"2025-12-29T11:46:58","slug":"bataie-in-fata-unui-local-dintr-o-comuna-din-gorj-sapte-persoane-au-fost-retinute","status":"publish","type":"post","link":"https:\/\/247stiri.ro\/index.php\/2025\/12\/29\/bataie-in-fata-unui-local-dintr-o-comuna-din-gorj-sapte-persoane-au-fost-retinute\/","title":{"rendered":"B\u0103taie \u00een fa\u021ba unui local dintr-o comun\u0103 din Gorj. \u0218apte persoane au fost re\u021binute"},"content":{"rendered":"<p>Inspectoratului de Poli\u021bie Jude\u021bean (IPJ) Gorj transmite c\u0103 poli\u021bi\u0219tii din Tismana au fost sesiza\u021bi, pe 27 decembrie, de un b\u0103rbat de 38 de ani, din Baia de Aram\u0103, jude\u021bul Mehedin\u021bi, cu privire la faptul c\u0103, \u00een noaptea de 26-27 decembrie, \u00een fa\u021ba unui local din satul Apa Neagr\u0103, comuna Pade\u0219, a fost lovit cu pumnul dup\u0103 ce a \u00eencercat s\u0103 aplaneze un <a href=\"https:\/\/www.realitatea.net\/stiri\/actual\/bataie-la-sibiu-scandalagii-au-inconjurat-masina-si-au-distrus-tot_694fcbd78c5c754cd9110d12\" target=\"_blank\">conflict <\/a>\u00eentre mai multe persoane.<\/p>\n<p>\u201d\u00cen urma cercet\u0103rilor, poli\u021bi\u0219tii au constatat c\u0103, \u00een jurul orei 4:30, \u0219apte persoane \u2013 un b\u0103rbat de 44 de ani din jude\u021bul Timi\u0219, doi tineri de 18 \u0219i 21 de ani din Mehedin\u021bi, doi b\u0103rba\u021bi de 31 \u0219i 38 de ani din Dolj \u0219i al\u021bi doi de 28 \u0219i 36 de ani din Tismana \u0219i comuna Pade\u0219 \u2013 au participat la o \u00eenc\u0103ierare, aplic\u00e2ndu-\u0219i reciproc lovituri cu pumnii, picioarele \u0219i diferite obiecte, tulbur\u00e2nd ordinea public\u0103 \u0219i provoc\u00e2nd team\u0103 celor prezen\u021bi\u201d, a anun\u021bat IPJ Gorj.\u00a0<\/p>\n<p>\u00cen urma acestui incident to\u021bi cei \u0219apte indivizi au fost re\u021binu\u021bi pentru 24 de ore \u0219i introdu\u0219i \u00een arestul IPJ Gorj. Poli\u021bi\u0219tii continu\u0103 cercet\u0103rile pentru luarea tuturor m\u0103surilor legale.<\/p>","protected":false},"excerpt":{"rendered":"<p>Inspectoratului de Poli\u021bie Jude\u021bean (IPJ) Gorj transmite c\u0103 poli\u021bi\u0219tii din Tismana au fost sesiza\u021bi, pe&hellip;<\/p>\n","protected":false},"author":0,"featured_media":54633,"comment_status":"open","ping_status":"open","sticky":false,"template":"","format":"standard","meta":{"footnotes":""},"categories":[2],"tags":[],"class_list":["post-54632","post","type-post","status-publish","format-standard","has-post-thumbnail","hentry","category-actual"],"_links":{"self":[{"href":"https:\/\/247stiri.ro\/index.php\/wp-json\/wp\/v2\/posts\/54632","targetHints":{"allow":["GET"]}}],"collection":[{"href":"https:\/\/247stiri.ro\/index.php\/wp-json\/wp\/v2\/posts"}],"about":[{"href":"https:\/\/247stiri.ro\/index.php\/wp-json\/wp\/v2\/types\/post"}],"replies":[{"embeddable":true,"href":"https:\/\/247stiri.ro\/index.php\/wp-json\/wp\/v2\/comments?post=54632"}],"version-history":[{"count":0,"href":"https:\/\/247stiri.ro\/index.php\/wp-json\/wp\/v2\/posts\/54632\/revisions"}],"wp:featuredmedia":[{"embeddable":true,"href":"https:\/\/247stiri.ro\/index.php\/wp-json\/wp\/v2\/media\/54633"}],"wp:attachment":[{"href":"https:\/\/247stiri.ro\/index.php\/wp-json\/wp\/v2\/media?parent=54632"}],"wp:term":[{"taxonomy":"category","embeddable":true,"href":"https:\/\/247stiri.ro\/index.php\/wp-json\/wp\/v2\/categories?post=54632"},{"taxonomy":"post_tag","embeddable":true,"href":"https:\/\/247stiri.ro\/index.php\/wp-json\/wp\/v2\/tags?post=54632"}],"curies":[{"name":"wp","href":"https:\/\/api.w.org\/{rel}","templated":true}]}}