{"id":54636,"date":"2025-12-29T11:47:00","date_gmt":"2025-12-29T11:47:00","guid":{"rendered":"https:\/\/247stiri.ro\/index.php\/2025\/12\/29\/inchisoare-pentru-viteza-noua-infractiune-rutiera-care-sperie-soferii-din-europa\/"},"modified":"2025-12-29T11:47:00","modified_gmt":"2025-12-29T11:47:00","slug":"inchisoare-pentru-viteza-noua-infractiune-rutiera-care-sperie-soferii-din-europa","status":"publish","type":"post","link":"https:\/\/247stiri.ro\/index.php\/2025\/12\/29\/inchisoare-pentru-viteza-noua-infractiune-rutiera-care-sperie-soferii-din-europa\/","title":{"rendered":"\u00cenchisoare pentru vitez\u0103. Noua infrac\u021biune rutier\u0103 care sperie \u0219oferii din Europa"},"content":{"rendered":"<p>Fran\u021ba a f\u0103cut un pas decisiv c\u0103tre o politic\u0103 de toleran\u021b\u0103 zero pe \u0219osele, transform\u00e2nd viteza extrem\u0103 dintr-o simpl\u0103 abatere administrativ\u0103 \u00eentr-o fapt\u0103 penal\u0103 grav\u0103. Conform noilor reglement\u0103ri intrate recent \u00een vigoare, orice dep\u0103\u0219ire a limitei de vitez\u0103 cu mai mult de 50 km\/h este clasificat\u0103 direct ca infrac\u021biune, elimin\u00e2nd distinc\u021bia anterioar\u0103 care sanc\u021biona astfel prima abatere doar cu amend\u0103.<\/p>\n<p>3 luni de \u00eenchisoare \u0219i amend\u0103 de aproape 4.000 de euro<\/p>\n<p>Impactul acestei modific\u0103ri este unul major pentru \u0219oferi: sanc\u021biunile pot ajunge acum p\u00e2n\u0103 la trei luni de \u00eenchisoare \u0219i amenzi de 3.750 de euro. Mai grav, fapta va fi consemnat\u0103 \u00een cazierul judiciar, ceea ce poate genera obstacole serioase \u00een via\u021ba civil\u0103 \u0219i profesional\u0103 a celor sanc\u021biona\u021bi. P\u00e2n\u0103 la aceast\u0103 reform\u0103, o astfel de dep\u0103\u0219ire a vitezei era tratat\u0103 drept contraven\u021bie, fiind pedepsit\u0103 cu cel mult 1.500 de euro \u0219i retragerea a \u0219ase puncte, pedeapsa cu \u00eenchisoarea fiind rezervat\u0103 exclusiv cazurilor de recidiv\u0103.<\/p>\n<p>Decizia autorit\u0103\u021bilor franceze vine ca un r\u0103spuns la o realitate alarmant\u0103 de pe \u0219osele. Datele oficiale pentru anul 2024 indic\u0103 o explozie a vitezomanilor, cu peste 63.000 de cazuri de dep\u0103\u0219iri extreme, un salt \u00eengrijor\u0103tor de 69% fa\u021b\u0103 de statisticile din 2017. Cum viteza excesiv\u0103 r\u0103m\u00e2ne a doua cauz\u0103 a accidentelor fatale, responsabil\u0103 pentru aproape 3.200 de decese anul trecut, guvernul a considerat c\u0103 asprimrea legisla\u021biei este singura metod\u0103 eficient\u0103 de a adapta pedepsele la gravitatea \u0219i frecven\u021ba tot mai mare a acestor abateri.<\/p>","protected":false},"excerpt":{"rendered":"<p>Fran\u021ba a f\u0103cut un pas decisiv c\u0103tre o politic\u0103 de toleran\u021b\u0103 zero pe \u0219osele, transform\u00e2nd&hellip;<\/p>\n","protected":false},"author":0,"featured_media":54621,"comment_status":"open","ping_status":"open","sticky":false,"template":"","format":"standard","meta":{"footnotes":""},"categories":[2],"tags":[],"class_list":["post-54636","post","type-post","status-publish","format-standard","has-post-thumbnail","hentry","category-actual"],"_links":{"self":[{"href":"https:\/\/247stiri.ro\/index.php\/wp-json\/wp\/v2\/posts\/54636","targetHints":{"allow":["GET"]}}],"collection":[{"href":"https:\/\/247stiri.ro\/index.php\/wp-json\/wp\/v2\/posts"}],"about":[{"href":"https:\/\/247stiri.ro\/index.php\/wp-json\/wp\/v2\/types\/post"}],"replies":[{"embeddable":true,"href":"https:\/\/247stiri.ro\/index.php\/wp-json\/wp\/v2\/comments?post=54636"}],"version-history":[{"count":0,"href":"https:\/\/247stiri.ro\/index.php\/wp-json\/wp\/v2\/posts\/54636\/revisions"}],"wp:featuredmedia":[{"embeddable":true,"href":"https:\/\/247stiri.ro\/index.php\/wp-json\/wp\/v2\/media\/54621"}],"wp:attachment":[{"href":"https:\/\/247stiri.ro\/index.php\/wp-json\/wp\/v2\/media?parent=54636"}],"wp:term":[{"taxonomy":"category","embeddable":true,"href":"https:\/\/247stiri.ro\/index.php\/wp-json\/wp\/v2\/categories?post=54636"},{"taxonomy":"post_tag","embeddable":true,"href":"https:\/\/247stiri.ro\/index.php\/wp-json\/wp\/v2\/tags?post=54636"}],"curies":[{"name":"wp","href":"https:\/\/api.w.org\/{rel}","templated":true}]}}