{"id":54637,"date":"2025-12-29T11:47:00","date_gmt":"2025-12-29T11:47:00","guid":{"rendered":"https:\/\/247stiri.ro\/index.php\/2025\/12\/29\/pericol-urias-pe-traseele-montane-avertisemntul-salvamontistilor-pentru-turisti-video\/"},"modified":"2025-12-29T11:47:00","modified_gmt":"2025-12-29T11:47:00","slug":"pericol-urias-pe-traseele-montane-avertisemntul-salvamontistilor-pentru-turisti-video","status":"publish","type":"post","link":"https:\/\/247stiri.ro\/index.php\/2025\/12\/29\/pericol-urias-pe-traseele-montane-avertisemntul-salvamontistilor-pentru-turisti-video\/","title":{"rendered":"Pericol uria\u0219 pe traseele montane. Avertisemntul salvamonti\u0219tilor pentru turi\u0219ti -VIDEO"},"content":{"rendered":"<p>\u201eCondi\u0163iile meteo recente au afectat stabilitatea multor arbori, care pot reprezenta un pericol real, mai ales pe trasee, \u00een zonele \u00eemp\u0103durite \u015fi \u00een apropierea potecilor turistice. V\u00e2ntul puternic a dus la apari\u0163ia unor copaci instabili, cu r\u0103d\u0103cini sl\u0103bite sau trunchiuri fisurate, iar aceste situa\u0163ii pot genera accidente grave chiar \u015fi atunci c\u00e2nd vremea pare favorabil\u0103\u201d, informeaz\u0103, luni, oficialii Serviciului Jude\u0163ean Salvamont Bra\u015fov.<\/p>\n\n<p>Astfel, <a href=\"https:\/\/www.realitatea.net\/stiri\/actual\/val-de-interventii-salvamont-28-de-persoane-salvate-de-pe-munte-in-ultimele-24-de-ore-6-dintre-ele-au-ajuns-la-spital_695221b4e3daf072b433a002\" target=\"_blank\">salvamonti\u015ftii <\/a>le recomand\u0103 turi\u015ftilor care se deplaseaz\u0103 \u00een zona montan\u0103, inclusiv \u00een zonele de altitudine joas\u0103, s\u0103 dea dovad\u0103 de aten\u0163ie sporit\u0103, s\u0103 nu opreasc\u0103 sau sta\u0163ioneze \u00een apropierea arborilor afecta\u0163i \u015fi s\u0103 respecte indica\u0163iile transmise de autorit\u0103\u0163i.<\/p>\n<p>Cei care vor s\u0103 fac\u0103 drume\u0163ii \u00een zona montan\u0103 trebuie s\u0103 urm\u0103reasc\u0103 permanent avertiz\u0103rile meteorologice \u00een vigoare, s\u0103 evite deplas\u0103rile \u00een zonele aflate sub cod ro\u015fu sau portocaliu \u015fi, dac\u0103 totu\u015fi merg \u00een zonele \u00een care accesul nu implic\u0103 riscuri, s\u0103 fie echipa\u0163i corespunz\u0103tor sezonului de iarn\u0103, precizeaz\u0103 Salvamont, ar\u0103t\u00e2nd c\u0103 echipamentul adecvat, hainele de schimb, o baterie de rezerv\u0103 pentru telefon, lichide calde, o surs\u0103 de lumin\u0103, \u00eenc\u0103l\u0163\u0103minte de munte potrivit\u0103 \u015fi, dup\u0103 caz, echipament tehnic specific pot face diferen\u0163a \u00een situa\u0163ii neprev\u0103zute.<\/p>","protected":false},"excerpt":{"rendered":"<p>\u201eCondi\u0163iile meteo recente au afectat stabilitatea multor arbori, care pot reprezenta un pericol real, mai&hellip;<\/p>\n","protected":false},"author":0,"featured_media":54638,"comment_status":"open","ping_status":"open","sticky":false,"template":"","format":"standard","meta":{"footnotes":""},"categories":[2],"tags":[],"class_list":["post-54637","post","type-post","status-publish","format-standard","has-post-thumbnail","hentry","category-actual"],"_links":{"self":[{"href":"https:\/\/247stiri.ro\/index.php\/wp-json\/wp\/v2\/posts\/54637","targetHints":{"allow":["GET"]}}],"collection":[{"href":"https:\/\/247stiri.ro\/index.php\/wp-json\/wp\/v2\/posts"}],"about":[{"href":"https:\/\/247stiri.ro\/index.php\/wp-json\/wp\/v2\/types\/post"}],"replies":[{"embeddable":true,"href":"https:\/\/247stiri.ro\/index.php\/wp-json\/wp\/v2\/comments?post=54637"}],"version-history":[{"count":0,"href":"https:\/\/247stiri.ro\/index.php\/wp-json\/wp\/v2\/posts\/54637\/revisions"}],"wp:featuredmedia":[{"embeddable":true,"href":"https:\/\/247stiri.ro\/index.php\/wp-json\/wp\/v2\/media\/54638"}],"wp:attachment":[{"href":"https:\/\/247stiri.ro\/index.php\/wp-json\/wp\/v2\/media?parent=54637"}],"wp:term":[{"taxonomy":"category","embeddable":true,"href":"https:\/\/247stiri.ro\/index.php\/wp-json\/wp\/v2\/categories?post=54637"},{"taxonomy":"post_tag","embeddable":true,"href":"https:\/\/247stiri.ro\/index.php\/wp-json\/wp\/v2\/tags?post=54637"}],"curies":[{"name":"wp","href":"https:\/\/api.w.org\/{rel}","templated":true}]}}