{"id":54739,"date":"2025-12-29T17:45:03","date_gmt":"2025-12-29T17:45:03","guid":{"rendered":"https:\/\/247stiri.ro\/index.php\/2025\/12\/29\/ce-amenzi-se-aplica-la-bloc-in-2026-pentru-nerespectarea-orelor-de-liniste\/"},"modified":"2025-12-29T17:45:03","modified_gmt":"2025-12-29T17:45:03","slug":"ce-amenzi-se-aplica-la-bloc-in-2026-pentru-nerespectarea-orelor-de-liniste","status":"publish","type":"post","link":"https:\/\/247stiri.ro\/index.php\/2025\/12\/29\/ce-amenzi-se-aplica-la-bloc-in-2026-pentru-nerespectarea-orelor-de-liniste\/","title":{"rendered":"Ce amenzi se aplic\u0103 la bloc \u00een 2026 pentru nerespectarea orelor de lini\u0219te"},"content":{"rendered":"<p>Legea este ferm\u0103 \u00een aceast\u0103 privin\u021b\u0103, iar autorit\u0103\u021bile intervin atunci c\u00e2nd odihna locatarilor este perturbat\u0103. Via\u021ba \u00eentr-o comunitate presupune compromisuri \u0219i aten\u021bie fa\u021b\u0103 de cei din jur, \u00eens\u0103 nu sunt pu\u021bine situa\u021biile \u00een care oamenii se confrunt\u0103 cu zgomote puternice, muzic\u0103 la volum ridicat sau petreceri care se prelungesc p\u00e2n\u0103 t\u00e2rziu \u00een noapte. Pentru a preveni astfel de episoade, legisla\u021bia stabile\u0219te intervale clare \u00een care lini\u0219tea trebuie respectat\u0103.<\/p>\n<p>Intervalele orare \u00een care trebuie p\u0103strat\u0103 lini\u0219tea<\/p>\n<p>Potrivit Poli\u021biei Rom\u00e2ne, locatarii au obliga\u021bia de a p\u0103stra lini\u0219tea \u00een intervalul 22:00\u201308:00, precum \u0219i \u00een timpul pauzei de odihn\u0103 de la pr\u00e2nz, \u00eentre orele 13:00 \u0219i 14:00. Aceste prevederi sunt incluse \u00een Legea nr. 61\/1991, act normativ care sanc\u021bioneaz\u0103 orice comportament ce afecteaz\u0103 ordinea \u0219i lini\u0219tea public\u0103.<\/p>\n<p><a title=\"Incendiu intr-un bloc din Giurgiu: zeci de locatari evacuati in a doua zi de Craciun\" href=\"https:\/\/www.realitatea.net\/stiri\/actual\/incendiu-intrun-bloc-din-giurgiu-zeci-de-locatari-evacuati-in-a-doua-zi-de-craciun_694e98ddc1371a52a164df72\">Incendiu \u00eentr-un bloc din Giurgiu: zeci de locatari evacua\u021bi \u00een a doua zi de Cr\u0103ciun<\/a><\/p>\n<p>Ce amenzi risc\u0103 cei care \u00eencalc\u0103 orele de lini\u0219te<\/p>\n<p>Articolul 3 din Legea 61\/1991 prevede mai multe tipuri de sanc\u021biuni, \u00een func\u021bie de gravitatea faptei \u0219i de eventualele repet\u0103ri ale acesteia:<\/p>\n<p>-Amenzi cuprinse \u00eentre 200 \u0219i 1.000 de lei pentru tulburarea lini\u0219tii prin zgomote, strig\u0103te, larm\u0103 sau folosirea aparatelor la volum ridicat.<\/p>\n<p>-Amenzi \u00eentre 500 \u0219i 1.500 de lei sau efectuarea a 50\u2013100 de ore de munc\u0103 \u00een folosul comunit\u0103\u021bii, \u00een cazul repet\u0103rii faptei \u00een decurs de 24 de ore de la prima constatare.<\/p>\n<p>-Amenzi \u00eentre 500 \u0219i 1.500 de lei pentru deranjarea lini\u0219tii locatarilor \u00een intervalele 22:00\u201308:00 \u0219i 13:00\u201314:00.<\/p>\n<p>-Sanc\u021biuni mult mai dure, \u00eentre 2.000 \u0219i 3.000 de lei, pentru organizarea de petreceri private sau folosirea aparaturii muzicale la un nivel care afecteaz\u0103 odihna vecinilor.<\/p>\n<p>Cine poate aplica amenzile<\/p>\n<p>Constatarea contraven\u021biilor \u0219i aplicarea sanc\u021biunilor pot fi realizate de primar sau de persoanele desemnate de acesta, precum \u0219i de poli\u021bi\u0219ti, jandarmi, mai\u0219tri militari sau subofi\u021beri din cadrul Jandarmeriei. Ace\u0219tia pot interveni \u00een urma sesiz\u0103rilor f\u0103cute de locatari sau \u00een timpul ac\u021biunilor de control.<\/p>\n<p>De ce este important\u0103 respectarea orelor de lini\u0219te<\/p>\n<p>Autorit\u0103\u021bile subliniaz\u0103 c\u0103 respectarea acestor intervale nu reprezint\u0103 doar o obliga\u021bie legal\u0103, ci \u0219i o form\u0103 de respect fa\u021b\u0103 de ceilal\u021bi locatari. \u00centr-un bloc, convie\u021buirea civilizat\u0103 depinde de modul \u00een care fiecare persoan\u0103 \u00ee\u0219i adapteaz\u0103 comportamentul pentru a nu afecta confortul celor din jur.<\/p>\n<p><a title=\" Rafale de uragan in Iasi. Acoperisul unui bloc a fost luat de vant \" href=\"https:\/\/www.realitatea.net\/stiri\/actual\/rafale-de-uragan-in-iasi-acoperisul-unui-bloc-a-fost-luat-de-vant_695276b4e0cb9e3cc0244032\">Rafale de uragan \u00een Ia\u0219i. Acoperi\u0219ul unui bloc a fost luat de v\u00e2nt<\/a><\/p>","protected":false},"excerpt":{"rendered":"<p>Legea este ferm\u0103 \u00een aceast\u0103 privin\u021b\u0103, iar autorit\u0103\u021bile intervin atunci c\u00e2nd odihna locatarilor este perturbat\u0103.&hellip;<\/p>\n","protected":false},"author":0,"featured_media":54740,"comment_status":"open","ping_status":"open","sticky":false,"template":"","format":"standard","meta":{"footnotes":""},"categories":[2],"tags":[],"class_list":["post-54739","post","type-post","status-publish","format-standard","has-post-thumbnail","hentry","category-actual"],"_links":{"self":[{"href":"https:\/\/247stiri.ro\/index.php\/wp-json\/wp\/v2\/posts\/54739","targetHints":{"allow":["GET"]}}],"collection":[{"href":"https:\/\/247stiri.ro\/index.php\/wp-json\/wp\/v2\/posts"}],"about":[{"href":"https:\/\/247stiri.ro\/index.php\/wp-json\/wp\/v2\/types\/post"}],"replies":[{"embeddable":true,"href":"https:\/\/247stiri.ro\/index.php\/wp-json\/wp\/v2\/comments?post=54739"}],"version-history":[{"count":0,"href":"https:\/\/247stiri.ro\/index.php\/wp-json\/wp\/v2\/posts\/54739\/revisions"}],"wp:featuredmedia":[{"embeddable":true,"href":"https:\/\/247stiri.ro\/index.php\/wp-json\/wp\/v2\/media\/54740"}],"wp:attachment":[{"href":"https:\/\/247stiri.ro\/index.php\/wp-json\/wp\/v2\/media?parent=54739"}],"wp:term":[{"taxonomy":"category","embeddable":true,"href":"https:\/\/247stiri.ro\/index.php\/wp-json\/wp\/v2\/categories?post=54739"},{"taxonomy":"post_tag","embeddable":true,"href":"https:\/\/247stiri.ro\/index.php\/wp-json\/wp\/v2\/tags?post=54739"}],"curies":[{"name":"wp","href":"https:\/\/api.w.org\/{rel}","templated":true}]}}