{"id":54786,"date":"2025-12-29T21:44:58","date_gmt":"2025-12-29T21:44:58","guid":{"rendered":"https:\/\/247stiri.ro\/index.php\/2025\/12\/29\/incendiu-devastator-in-tulcea-un-barbat-a-murit-carbonizat-dupa-ce-i-a-luat-foc-casa-foto\/"},"modified":"2025-12-29T21:44:58","modified_gmt":"2025-12-29T21:44:58","slug":"incendiu-devastator-in-tulcea-un-barbat-a-murit-carbonizat-dupa-ce-i-a-luat-foc-casa-foto","status":"publish","type":"post","link":"https:\/\/247stiri.ro\/index.php\/2025\/12\/29\/incendiu-devastator-in-tulcea-un-barbat-a-murit-carbonizat-dupa-ce-i-a-luat-foc-casa-foto\/","title":{"rendered":"Incendiu devastator \u00een Tulcea. Un b\u0103rbat a murit carbonizat, dup\u0103 ce i-a luat foc casa &#8211; FOTO"},"content":{"rendered":"<p>\u00cen aceast\u0103 sear\u0103, pompierii militari au fost solicita\u021bi, prin apel la 112, s\u0103 intervin\u0103 pentru stingerea unui incendiu izbucnit la o cas\u0103 din Fr\u0103c\u0103\u021bei, potrivit presei locale.<\/p>\n<p>La fa\u021ba locului s-au deplasat echipaje din cadrul Deta\u0219amentului de Pompieri Tulcea, cu dou\u0103 autospeciale de stingere, un echipaj SMURD \u0219i o ambulan\u021b\u0103 a Serviciului de Ambulan\u021b\u0103 Jude\u021bean.<\/p>\n<p>La sosirea for\u021belor de interven\u021bie, fl\u0103c\u0103rile cuprinseser\u0103 \u00eentreaga locuin\u021b\u0103. Pompierii au ac\u021bionat pentru localizarea \u0219i stingerea incendiului.<\/p>\n<p>Din nefericire, \u00een interior a fost descoperit trupul carbonizat al unui b\u0103rbat de aproximativ 61 de ani, ale c\u0103rui arsuri erau incompatibile cu via\u021ba.<\/p>\n<p>\u00cen timpul interven\u021biei, pompierii au evacuat trei butelii din cadrul locuin\u021bei, prevenind astfel producerea unor explozii.<\/p>\n<p>Cauza probabil\u0103 a incendiului urmeaz\u0103 s\u0103 fie stabilit\u0103 \u00een urma cercet\u0103rilor.<\/p>\n<p>\u201eC\u0103tre locul interven\u021biei s-au deplasat pompierii militari din cadrul Deta\u0219amentului Tulcea, cu dou\u0103 autospeciale de stingere, un echipaj SMURD, precum \u0219i o ambulan\u021b\u0103 din cadrul Serviciului de Ambulan\u021b\u0103 Jude\u021bean.La sosirea for\u021belor de interven\u021bie, incendiul se manifesta generalizat la \u00eentreaga locuin\u021b\u0103. Pompierii militari au procedat pentru localizarea \u0219i lichidarea incendiului.Din p\u0103cate, \u00een interiorul locuin\u021bei a fost identificat trupul unui b\u0103rbat \u00een v\u00e2rst\u0103 de aproximativ 61 de ani, care prezenta arsuri incompatibile cu via\u021ba.De asemenea, \u00een interiorul locuin\u021bei se aflau trei butelii, care au fost evacuate de c\u0103tre pompieri, \u00een condi\u021bii de siguran\u021b\u0103, pentru prevenirea producerii unor explozii.\u201d, a mai precizat sursa citat\u0103.<\/p>","protected":false},"excerpt":{"rendered":"<p>\u00cen aceast\u0103 sear\u0103, pompierii militari au fost solicita\u021bi, prin apel la 112, s\u0103 intervin\u0103 pentru&hellip;<\/p>\n","protected":false},"author":0,"featured_media":54787,"comment_status":"open","ping_status":"open","sticky":false,"template":"","format":"standard","meta":{"footnotes":""},"categories":[2],"tags":[],"class_list":["post-54786","post","type-post","status-publish","format-standard","has-post-thumbnail","hentry","category-actual"],"_links":{"self":[{"href":"https:\/\/247stiri.ro\/index.php\/wp-json\/wp\/v2\/posts\/54786","targetHints":{"allow":["GET"]}}],"collection":[{"href":"https:\/\/247stiri.ro\/index.php\/wp-json\/wp\/v2\/posts"}],"about":[{"href":"https:\/\/247stiri.ro\/index.php\/wp-json\/wp\/v2\/types\/post"}],"replies":[{"embeddable":true,"href":"https:\/\/247stiri.ro\/index.php\/wp-json\/wp\/v2\/comments?post=54786"}],"version-history":[{"count":0,"href":"https:\/\/247stiri.ro\/index.php\/wp-json\/wp\/v2\/posts\/54786\/revisions"}],"wp:featuredmedia":[{"embeddable":true,"href":"https:\/\/247stiri.ro\/index.php\/wp-json\/wp\/v2\/media\/54787"}],"wp:attachment":[{"href":"https:\/\/247stiri.ro\/index.php\/wp-json\/wp\/v2\/media?parent=54786"}],"wp:term":[{"taxonomy":"category","embeddable":true,"href":"https:\/\/247stiri.ro\/index.php\/wp-json\/wp\/v2\/categories?post=54786"},{"taxonomy":"post_tag","embeddable":true,"href":"https:\/\/247stiri.ro\/index.php\/wp-json\/wp\/v2\/tags?post=54786"}],"curies":[{"name":"wp","href":"https:\/\/api.w.org\/{rel}","templated":true}]}}