{"id":54788,"date":"2025-12-29T21:44:59","date_gmt":"2025-12-29T21:44:59","guid":{"rendered":"https:\/\/247stiri.ro\/index.php\/2025\/12\/29\/dupa-criza-apei-campina-si-mii-de-gospodarii-din-prahova-au-ramas-fara-curent-din-cauza-viscolului\/"},"modified":"2025-12-29T21:44:59","modified_gmt":"2025-12-29T21:44:59","slug":"dupa-criza-apei-campina-si-mii-de-gospodarii-din-prahova-au-ramas-fara-curent-din-cauza-viscolului","status":"publish","type":"post","link":"https:\/\/247stiri.ro\/index.php\/2025\/12\/29\/dupa-criza-apei-campina-si-mii-de-gospodarii-din-prahova-au-ramas-fara-curent-din-cauza-viscolului\/","title":{"rendered":"Dup\u0103 criza apei, C\u00e2mpina \u0219i mii de gospod\u0103rii din Prahova au r\u0103mas f\u0103r\u0103 curent din cauza viscolului"},"content":{"rendered":"<p>Printre zonele afectate se num\u0103r\u0103 municipiul C\u00e2mpina \u2013 al doilea ora\u0219 ca m\u0103rime din jude\u021b \u2013, dar \u0219i sta\u021biunile montane Sinaia \u0219i Azuga, unde mai multe cabane au r\u0103mas f\u0103r\u0103 curent.<\/p>\n<p>Potrivit datelor disponibile la ora 18:00, aproximativ 21.689 de consumatori din jude\u021b nu aveau electricitate din cauza avariilor produse de viscol \u00een zona de nord, aflat\u0103 sub avertizare cod portocaliu de vreme sever\u0103.<\/p>\n<p>La Sinaia, v\u00e2ntul puternic a l\u0103sat f\u0103r\u0103 curent telecabina, zona Babele \u0219i releul Co\u0219tila. \u00cen Azuga, mai mul\u021bi copaci dobor\u00e2\u021bi au rupt firele de alimentare care deserveau dou\u0103 cabane.<\/p>\n<p>\u00cen C\u00e2mpina, 2.769 de gospod\u0103rii sunt afectate de \u00eentreruperea furniz\u0103rii energiei electrice.<\/p>\n<p>Furtuna a provocat pene de curent \u0219i \u00een alte localit\u0103\u021bi precum Berte, Brebu, Telega, M\u0103neciu, Izvoare, Tei\u0219ani, Corbu, Starchiojd, Pose\u0219ti, Drajna, Gro\u0219ani, Cera\u0219u \u0219i B\u0103tr\u00e2ni.<\/p>\n<p>Nou\u0103 echipe de interven\u021bie se afl\u0103 pe teren pentru remedierea defec\u021biunilor ap\u0103rute.<\/p>","protected":false},"excerpt":{"rendered":"<p>Printre zonele afectate se num\u0103r\u0103 municipiul C\u00e2mpina \u2013 al doilea ora\u0219 ca m\u0103rime din jude\u021b&hellip;<\/p>\n","protected":false},"author":0,"featured_media":54789,"comment_status":"open","ping_status":"open","sticky":false,"template":"","format":"standard","meta":{"footnotes":""},"categories":[2],"tags":[],"class_list":["post-54788","post","type-post","status-publish","format-standard","has-post-thumbnail","hentry","category-actual"],"_links":{"self":[{"href":"https:\/\/247stiri.ro\/index.php\/wp-json\/wp\/v2\/posts\/54788","targetHints":{"allow":["GET"]}}],"collection":[{"href":"https:\/\/247stiri.ro\/index.php\/wp-json\/wp\/v2\/posts"}],"about":[{"href":"https:\/\/247stiri.ro\/index.php\/wp-json\/wp\/v2\/types\/post"}],"replies":[{"embeddable":true,"href":"https:\/\/247stiri.ro\/index.php\/wp-json\/wp\/v2\/comments?post=54788"}],"version-history":[{"count":0,"href":"https:\/\/247stiri.ro\/index.php\/wp-json\/wp\/v2\/posts\/54788\/revisions"}],"wp:featuredmedia":[{"embeddable":true,"href":"https:\/\/247stiri.ro\/index.php\/wp-json\/wp\/v2\/media\/54789"}],"wp:attachment":[{"href":"https:\/\/247stiri.ro\/index.php\/wp-json\/wp\/v2\/media?parent=54788"}],"wp:term":[{"taxonomy":"category","embeddable":true,"href":"https:\/\/247stiri.ro\/index.php\/wp-json\/wp\/v2\/categories?post=54788"},{"taxonomy":"post_tag","embeddable":true,"href":"https:\/\/247stiri.ro\/index.php\/wp-json\/wp\/v2\/tags?post=54788"}],"curies":[{"name":"wp","href":"https:\/\/api.w.org\/{rel}","templated":true}]}}