{"id":54794,"date":"2025-12-29T21:45:01","date_gmt":"2025-12-29T21:45:01","guid":{"rendered":"https:\/\/247stiri.ro\/index.php\/2025\/12\/29\/de-ce-recomanda-nutritionistii-sa-nu-mananci-sarmalele-impreuna-cu-smantana-combinatia-care-vine-cu-multe-complicatii-digestive\/"},"modified":"2025-12-29T21:45:01","modified_gmt":"2025-12-29T21:45:01","slug":"de-ce-recomanda-nutritionistii-sa-nu-mananci-sarmalele-impreuna-cu-smantana-combinatia-care-vine-cu-multe-complicatii-digestive","status":"publish","type":"post","link":"https:\/\/247stiri.ro\/index.php\/2025\/12\/29\/de-ce-recomanda-nutritionistii-sa-nu-mananci-sarmalele-impreuna-cu-smantana-combinatia-care-vine-cu-multe-complicatii-digestive\/","title":{"rendered":"De ce recomand\u0103 nutri\u021bioni\u0219tii s\u0103 nu m\u0103n\u00e2nci sarmalele \u00eempreun\u0103 cu sm\u00e2nt\u00e2na. Combina\u021bia care vine cu multe  complica\u021bii digestive"},"content":{"rendered":"<p>Speciali\u0219tii explic\u0103 faptul c\u0103 este important s\u0103 fim aten\u021bi la modul \u00een care combin\u0103m aceste alimente \u0219i la cantit\u0103\u021bile consumate, pentru a evita disconfortul digestiv \u0219i alte probleme.<\/p>\n<p>De ce sarmalele cu sm\u00e2nt\u00e2n\u0103 pot fi greu de digerat<\/p>\n<p>Sarmalele sunt un preparat consistent, care combin\u0103 carne (adesea gras\u0103), orez \u0219i varz\u0103 murat\u0103. Sm\u00e2nt\u00e2na, bogat\u0103 \u00een gr\u0103simi saturate, poate \u00eengreuna digestia \u0219i poate contribui la cre\u0219terea colesterolului LDL. Pentru persoanele cu sensibilitate digestiv\u0103, probleme biliare sau intoleran\u021b\u0103 la lactoz\u0103, aceast\u0103 combina\u021bie poate provoca balonare, crampe sau chiar crize biliare. Carnea gras\u0103, orezul \u0219i sm\u00e2nt\u00e2na \u00eencetinesc procesul digestiv, iar varza murat\u0103, cu un con\u021binut ridicat de sodiu, poate agrava hipertensiunea. Din acest motiv, nutri\u021bioni\u0219tii recomand\u0103 modera\u021bie \u0219i variante mai u\u0219oare, precum sm\u00e2nt\u00e2na cu un con\u021binut redus de gr\u0103simi sau iaurtul grecesc, o alternativ\u0103 mai bl\u00e2nd\u0103 pentru organism.<\/p>\n<p>De ce asocierea cu m\u0103m\u0103lig\u0103 poate \u00eenc\u0103rca inutil masa<\/p>\n<p>De\u0219i tradi\u021bional\u0103, combina\u021bia dintre sarmale \u0219i m\u0103m\u0103lig\u0103 cre\u0219te considerabil aportul caloric. M\u0103m\u0103liga aduce un plus de carbohidra\u021bi, iar al\u0103turi de carnea \u0219i orezul din sarmale poate transforma masa \u00eentr-una foarte greu de digerat. Pentru persoanele care vor s\u0103 evite acumularea kilogramelor sau care au probleme metabolice, aceast\u0103 asociere poate fi prea bogat\u0103. Nutri\u021bioni\u0219tii subliniaz\u0103 c\u0103 sarmalele sunt deja un preparat complet, care con\u021bine proteine, carbohidra\u021bi \u0219i fibre, astfel c\u0103 nu este nevoie de un adaos suplimentar de amidon.<\/p>\n<p><a title=\"Sarmale cu afumatura. Reteta secreta a gospodinelor din Moldova, perfecta pentru masa de Craciun \" href=\"https:\/\/www.realitatea.net\/stiri\/actual\/sarmale-cu-afumatura-reteta-secreta-a-gospodinelor-din-moldova-perfecta-pentru-masa-de-craciun_6943d71244538a00c76bed29\">Sarmale cu afum\u0103tur\u0103. Re\u021beta secret\u0103 a gospodinelor din Moldova, perfect\u0103 pentru masa de Cr\u0103ciun<\/a><\/p>\n<p>Mihaela Bilic: sarmalele sunt un preparat echilibrat \u0219i nu au nevoie de m\u0103m\u0103lig\u0103<\/p>\n<p>Mihaela Bilic atrage aten\u021bia c\u0103 sarmalele sunt deja un fel de m\u00e2ncare echilibrat \u0219i c\u0103 asocierea lor cu m\u0103m\u0103lig\u0103 nu este necesar\u0103, mai ales pentru cei care vor s\u0103 evite kilogramele \u00een plus. \u201eSarmalele, cel mai bun exemplu de simbioz\u0103 \u00eentre flor\u0103 \u0219i faun\u0103. Sunt un fel de m\u00e2ncare echilibrat\u0103, ele combin\u0103 carnea cu cerealele \u0219i legumele a\u0219a cum este recomandat nutri\u021bional. \u00cen cazul \u00een care \u021bine\u021bi la siluet\u0103, renun\u021ba\u021bi la m\u0103m\u0103lig\u0103 \u0219i consuma\u021bi sarmalele ca fel unic la o mas\u0103. \u0102sta e adev\u0103rul, s\u0103rb\u0103torile de iarn\u0103 nu sunt complete f\u0103r\u0103 gustul \u0219i mirosul de sarmale. Ca s\u0103 nu mai zicem c\u0103 au \u0219i efect probiotic\u201d \u2013 a subliniat experta \u00een nutri\u021bie.<\/p>\n<p>Recomand\u0103rile lui Cori Gr\u0103mescu pentru mese de s\u0103rb\u0103tori mai u\u0219oare<\/p>\n<p>Cori Gr\u0103mescu \u00eei \u00eendeamn\u0103 pe cei care se bucur\u0103 de preparatele tradi\u021bionale s\u0103 fie aten\u021bi la modul \u00een care le combin\u0103. Ea spune c\u0103 mesele de Cr\u0103ciun pot r\u0103m\u00e2ne gustoase, dar mult mai u\u0219oare, dac\u0103 sunt adaptate cu grij\u0103. Primul pas este reducerea gr\u0103similor, iar acest lucru se poate face chiar \u0219i \u00een cazul sarmalelor, f\u0103r\u0103 a le afecta gustul.<\/p>\n<p>Nutri\u021bionista explic\u0103 faptul c\u0103 re\u021betele tradi\u021bionale pot fi modificate astfel \u00eenc\u00e2t s\u0103 fie folosit\u0103 carne de pe care este \u00eendep\u0103rtat\u0103 gr\u0103simea vizibil\u0103. Sarmalele pot fi preparate dintr-un amestec de pulp\u0103 de porc \u0219i vit\u0103, f\u0103r\u0103 adaos de gr\u0103sime animal\u0103 sau afum\u0103tur\u0103. Ea recomand\u0103 \u0219i friptura de curcan la cuptor \u00een locul celei de porc, asociat\u0103 cu salate sau legume coapte, \u00een locul cartofilor sau al m\u0103m\u0103ligii. De asemenea, piftia din carne de curcan este o alternativ\u0103 mai u\u0219oar\u0103 la varianta tradi\u021bional\u0103.<\/p>\n<p>Cori Gr\u0103mescu insist\u0103 c\u0103 mesele de Cr\u0103ciun nu ar trebui concentrate \u00eentr-o singur\u0103 zi, ci distribuite pe \u00eentreaga perioad\u0103 a s\u0103rb\u0103torilor, pentru a evita excesele. Ea spune c\u0103 asocierea preparatelor cu legume \u0219i evitarea gr\u0103similor suplimentare sunt esen\u021biale pentru a ne bucura de s\u0103rb\u0103tori f\u0103r\u0103 disconfort. \u201eA\u0219a cum am men\u021bionat anterior, recomandarea mea general\u0103 este s\u0103 \u00eemp\u0103r\u021bim preparatele tradi\u021bionale \u00een toate zilele de Cr\u0103ciun \u0219i s\u0103 le asociem cu o varietate de legume \u0219i salate, f\u0103r\u0103 adaos suplimentar de gr\u0103simi. Aceasta este cea mai bun\u0103 abordare, pentru c\u0103 este una \u00een care nici nu ne destabiliz\u0103m dieta \u0219i nici nu ne \u00eencarc\u0103m cu frustr\u0103ri. \u0218i mai cred c\u0103 nu ar trebui s\u0103 ne interzicem niciun preparat de Cr\u0103ciun. \u00cen schimb, recomand oamenilor s\u0103 se \u00eentrebe c\u00e2t au nevoie cu adev\u0103rat pentru a sim\u021bi pl\u0103cere. De multe ori, dou\u0103-trei \u00eenghi\u021bituri sunt suficiente\u201d \u2013 a ad\u0103ugat nutri\u021bionista.<\/p>\n<p><a title=\"Se pune sau nu ou in compozitia de sarmale. Bucatarii cu experienta au elucidat misterul \" href=\"https:\/\/www.realitatea.net\/stiri\/actual\/se-pune-sau-nu-ou-in-compozitia-de-sarmale-bucatarii-cu-experienta-au-elucidat-misterul_694ae86d1a5b476b5e3818f2\">Se pune sau nu ou \u00een compozi\u021bia de sarmale. Buc\u0103tarii cu experien\u021b\u0103 au elucidat misterul<\/a><\/p>","protected":false},"excerpt":{"rendered":"<p>Speciali\u0219tii explic\u0103 faptul c\u0103 este important s\u0103 fim aten\u021bi la modul \u00een care combin\u0103m aceste&hellip;<\/p>\n","protected":false},"author":0,"featured_media":54764,"comment_status":"open","ping_status":"open","sticky":false,"template":"","format":"standard","meta":{"footnotes":""},"categories":[2],"tags":[],"class_list":["post-54794","post","type-post","status-publish","format-standard","has-post-thumbnail","hentry","category-actual"],"_links":{"self":[{"href":"https:\/\/247stiri.ro\/index.php\/wp-json\/wp\/v2\/posts\/54794","targetHints":{"allow":["GET"]}}],"collection":[{"href":"https:\/\/247stiri.ro\/index.php\/wp-json\/wp\/v2\/posts"}],"about":[{"href":"https:\/\/247stiri.ro\/index.php\/wp-json\/wp\/v2\/types\/post"}],"replies":[{"embeddable":true,"href":"https:\/\/247stiri.ro\/index.php\/wp-json\/wp\/v2\/comments?post=54794"}],"version-history":[{"count":0,"href":"https:\/\/247stiri.ro\/index.php\/wp-json\/wp\/v2\/posts\/54794\/revisions"}],"wp:featuredmedia":[{"embeddable":true,"href":"https:\/\/247stiri.ro\/index.php\/wp-json\/wp\/v2\/media\/54764"}],"wp:attachment":[{"href":"https:\/\/247stiri.ro\/index.php\/wp-json\/wp\/v2\/media?parent=54794"}],"wp:term":[{"taxonomy":"category","embeddable":true,"href":"https:\/\/247stiri.ro\/index.php\/wp-json\/wp\/v2\/categories?post=54794"},{"taxonomy":"post_tag","embeddable":true,"href":"https:\/\/247stiri.ro\/index.php\/wp-json\/wp\/v2\/tags?post=54794"}],"curies":[{"name":"wp","href":"https:\/\/api.w.org\/{rel}","templated":true}]}}