{"id":54810,"date":"2025-12-30T05:45:25","date_gmt":"2025-12-30T05:45:25","guid":{"rendered":"https:\/\/247stiri.ro\/index.php\/2025\/12\/30\/un-barbat-fin-tulcea-a-avut-un-sfarsit-tragic-dupa-ce-casa-in-care-locuia-a-fost-cuprinsa-de-foc\/"},"modified":"2025-12-30T05:45:25","modified_gmt":"2025-12-30T05:45:25","slug":"un-barbat-fin-tulcea-a-avut-un-sfarsit-tragic-dupa-ce-casa-in-care-locuia-a-fost-cuprinsa-de-foc","status":"publish","type":"post","link":"https:\/\/247stiri.ro\/index.php\/2025\/12\/30\/un-barbat-fin-tulcea-a-avut-un-sfarsit-tragic-dupa-ce-casa-in-care-locuia-a-fost-cuprinsa-de-foc\/","title":{"rendered":"Un b\u0103rbat fin Tulcea a avut un sf\u00e2r\u0219it tragic dup\u0103 ce casa \u00een care locuia a fost cuprins\u0103 de foc"},"content":{"rendered":"<p>Reprezentan\u0163ii Inspectoratului pentru Situa\u0163ii de Urgen\u0163\u0103 Tulcea au anun\u0163at c\u0103 pompierii au fost solicita\u0163i s\u0103 intervin\u0103, luni seara, prin apel 112, pentru stingerea unui incendiu izbucnit \u00eentr-o locuin\u0163\u0103 din localitatea Frec\u0103\u0163ei.<\/p>\n<p>C\u0103tre locul interven\u0163iei s-au deplasat pompierii militari din cadrul Deta\u015famentului Tulcea, cu dou\u0103 autospeciale de stingere, un echipaj SMURD, precum \u015fi o ambulan\u0163\u0103 din cadrul Serviciului de Ambulan\u0163\u0103 Jude\u0163ean.\u00a0\u201dLa sosirea for\u0163elor de interven\u0163ie, incendiul se manifesta generalizat la \u00eentreaga locuin\u0163\u0103. Pompierii militari au procedat pentru localizarea \u015fi lichidarea incendiului. Din p\u0103cate, \u00een interiorul locuin\u0163ei a fost identificat trupul unui b\u0103rbat \u00een v\u00e2rst\u0103 de aproximativ 61 de ani, care prezenta arsuri incompatibile cu via\u0163a. De asemenea, \u00een interiorul locuin\u0163ei se aflau trei butelii, care au fost evacuate de c\u0103tre pompieri, \u00een condi\u0163ii de siguran\u0163\u0103, pentru prevenirea producerii unor explozii\u201d, au afirmat reprezentan\u0163ii ISU Tulcea.Pompierii urmeaz\u0103 s\u0103 stabileasc\u0103 motivul care a dus la producerea incendiului.<\/p>","protected":false},"excerpt":{"rendered":"<p>Reprezentan\u0163ii Inspectoratului pentru Situa\u0163ii de Urgen\u0163\u0103 Tulcea au anun\u0163at c\u0103 pompierii au fost solicita\u0163i s\u0103&hellip;<\/p>\n","protected":false},"author":0,"featured_media":54801,"comment_status":"open","ping_status":"open","sticky":false,"template":"","format":"standard","meta":{"footnotes":""},"categories":[2],"tags":[],"class_list":["post-54810","post","type-post","status-publish","format-standard","has-post-thumbnail","hentry","category-actual"],"_links":{"self":[{"href":"https:\/\/247stiri.ro\/index.php\/wp-json\/wp\/v2\/posts\/54810","targetHints":{"allow":["GET"]}}],"collection":[{"href":"https:\/\/247stiri.ro\/index.php\/wp-json\/wp\/v2\/posts"}],"about":[{"href":"https:\/\/247stiri.ro\/index.php\/wp-json\/wp\/v2\/types\/post"}],"replies":[{"embeddable":true,"href":"https:\/\/247stiri.ro\/index.php\/wp-json\/wp\/v2\/comments?post=54810"}],"version-history":[{"count":0,"href":"https:\/\/247stiri.ro\/index.php\/wp-json\/wp\/v2\/posts\/54810\/revisions"}],"wp:featuredmedia":[{"embeddable":true,"href":"https:\/\/247stiri.ro\/index.php\/wp-json\/wp\/v2\/media\/54801"}],"wp:attachment":[{"href":"https:\/\/247stiri.ro\/index.php\/wp-json\/wp\/v2\/media?parent=54810"}],"wp:term":[{"taxonomy":"category","embeddable":true,"href":"https:\/\/247stiri.ro\/index.php\/wp-json\/wp\/v2\/categories?post=54810"},{"taxonomy":"post_tag","embeddable":true,"href":"https:\/\/247stiri.ro\/index.php\/wp-json\/wp\/v2\/tags?post=54810"}],"curies":[{"name":"wp","href":"https:\/\/api.w.org\/{rel}","templated":true}]}}