{"id":54843,"date":"2025-12-30T07:45:26","date_gmt":"2025-12-30T07:45:26","guid":{"rendered":"https:\/\/247stiri.ro\/index.php\/2025\/12\/30\/scandal-intre-vecini-la-craiova-un-barbat-a-ajuns-la-spital-dupa-ce-a-fost-injunghiat\/"},"modified":"2025-12-30T07:45:26","modified_gmt":"2025-12-30T07:45:26","slug":"scandal-intre-vecini-la-craiova-un-barbat-a-ajuns-la-spital-dupa-ce-a-fost-injunghiat","status":"publish","type":"post","link":"https:\/\/247stiri.ro\/index.php\/2025\/12\/30\/scandal-intre-vecini-la-craiova-un-barbat-a-ajuns-la-spital-dupa-ce-a-fost-injunghiat\/","title":{"rendered":"Scandal \u00eentre vecini, la Craiova: un b\u0103rbat a ajuns la spital dup\u0103 ce a fost \u00eenjunghiat"},"content":{"rendered":"<p>Reprezentan\u0163ii Inspectoratului de Poli\u0163ie al Jude\u0163ului Dolj au anun\u0163at c\u0103 poli\u0163i\u015ftii din cadrul Sec\u0163iei 2 au fost sesiza\u0163i, luni seara, cu privire la faptul c\u0103 pe strada Bucura din Craiova se afl\u0103 un b\u0103rbat \u00eenjunghiat.\u00a0<\/p>\n<p>\u201dLa fa\u0163a locului au fost dirijate mai multe patrule de ordine public\u0103, unde au fost identifica\u0163i trei b\u0103rba\u0163i cu v\u00e2rste cuprinse \u00eentre 28 \u015fi 33 de ani, to\u0163i din municipiul Craiova, vecini, care s-au agresat reciproc. Din cercet\u0103rile efectuate, s-a stabilit faptul c\u0103 \u00eentre barbatul de 28 de ani \u015fi cel de 33 de ani ar fi izbucnit un conflict spontan \u00een urma c\u0103ruia, un alt b\u0103rbat de 32 de ani l-ar fi agresat fizic pe b\u0103rbatul de 33 de ani, provoc\u00e2ndu-i acestuia leziuni\u201d, au afirmat reprezentan\u0163ii IPJ Doljj.<\/p>\n<p>B\u0103rbatul de 33 de ani a fost transportat la spital.<\/p>\n<p>Persoanele implicate \u00een scandal au fost duse la sediul poli\u0163iei pentru audieri.\u00a0<\/p>\n<p>Ancheta este coordonat\u0103 de un procuror din cadrul Parchetului de pe l\u00e2ng\u0103 Tribunalul Dolj, pentru s\u0103v\u00e2r\u015firea infrac\u0163iunii de tentativ\u0103 la omor.<\/p>","protected":false},"excerpt":{"rendered":"<p>Reprezentan\u0163ii Inspectoratului de Poli\u0163ie al Jude\u0163ului Dolj au anun\u0163at c\u0103 poli\u0163i\u015ftii din cadrul Sec\u0163iei 2&hellip;<\/p>\n","protected":false},"author":0,"featured_media":54844,"comment_status":"open","ping_status":"open","sticky":false,"template":"","format":"standard","meta":{"footnotes":""},"categories":[2],"tags":[],"class_list":["post-54843","post","type-post","status-publish","format-standard","has-post-thumbnail","hentry","category-actual"],"_links":{"self":[{"href":"https:\/\/247stiri.ro\/index.php\/wp-json\/wp\/v2\/posts\/54843","targetHints":{"allow":["GET"]}}],"collection":[{"href":"https:\/\/247stiri.ro\/index.php\/wp-json\/wp\/v2\/posts"}],"about":[{"href":"https:\/\/247stiri.ro\/index.php\/wp-json\/wp\/v2\/types\/post"}],"replies":[{"embeddable":true,"href":"https:\/\/247stiri.ro\/index.php\/wp-json\/wp\/v2\/comments?post=54843"}],"version-history":[{"count":0,"href":"https:\/\/247stiri.ro\/index.php\/wp-json\/wp\/v2\/posts\/54843\/revisions"}],"wp:featuredmedia":[{"embeddable":true,"href":"https:\/\/247stiri.ro\/index.php\/wp-json\/wp\/v2\/media\/54844"}],"wp:attachment":[{"href":"https:\/\/247stiri.ro\/index.php\/wp-json\/wp\/v2\/media?parent=54843"}],"wp:term":[{"taxonomy":"category","embeddable":true,"href":"https:\/\/247stiri.ro\/index.php\/wp-json\/wp\/v2\/categories?post=54843"},{"taxonomy":"post_tag","embeddable":true,"href":"https:\/\/247stiri.ro\/index.php\/wp-json\/wp\/v2\/tags?post=54843"}],"curies":[{"name":"wp","href":"https:\/\/api.w.org\/{rel}","templated":true}]}}