{"id":54880,"date":"2025-12-30T09:45:37","date_gmt":"2025-12-30T09:45:37","guid":{"rendered":"https:\/\/247stiri.ro\/index.php\/2025\/12\/30\/vis-partial-implinit-pentru-trump-va-primi-un-premiu-pentru-pace-din-partea-israelului\/"},"modified":"2025-12-30T09:45:37","modified_gmt":"2025-12-30T09:45:37","slug":"vis-partial-implinit-pentru-trump-va-primi-un-premiu-pentru-pace-din-partea-israelului","status":"publish","type":"post","link":"https:\/\/247stiri.ro\/index.php\/2025\/12\/30\/vis-partial-implinit-pentru-trump-va-primi-un-premiu-pentru-pace-din-partea-israelului\/","title":{"rendered":"Vis par\u021bial \u00eemplinit pentru Trump: va primi un premiu pentru PACE din partea Israelului"},"content":{"rendered":"<p>Israelienii \u201eapreciaz\u0103 ceea ce a\u0163i f\u0103cut pentru a ajuta Israelul \u015fi pentru a sus\u0163ine lupta noastr\u0103\u201d \u00eempotriva Hamas \u00een Gaza, a declarat premierul israelian adres\u00e2ndu-i-se \u015fefului Casei Albe.<\/p>\n<p>Anun\u0163\u00e2nd c\u0103 \u00eei va acorda lui Donald Trump acest premiu pentru pace, cea mai \u00eenalt\u0103 distinc\u0163ie civil\u0103 israelian\u0103, Benjamin Netanyahu rupe o tradi\u0163ie veche de c\u00e2teva decenii, care consta \u00een a acorda acest premiu unui cet\u0103\u0163ean israelian.<\/p>\n<p>Pre\u015fedintele american, vizibil \u00eenc\u00e2ntat, s-a declarat \u201efoarte surprins\u201d \u015fi \u201eemo\u0163ionat\u201d s\u0103 primeasc\u0103 acest premiu, suger\u00e2nd c\u0103 ar putea merge \u00een Israel pentru ceremonie, care se \u0163ine tradi\u0163ional \u00een ajunul s\u0103rb\u0103torii na\u0163ionale.<\/p>\n<p>Donald Trump se prezint\u0103 ca marele artizan al unui plan de pace pentru Gaza, devastat\u0103 de mai bine de doi ani de un r\u0103zboi purtat de Israel \u015fi declan\u015fat de atacul Hamas din 7 octombrie.<\/p>\n<p>Republicanul se laud\u0103 c\u0103 a pus cap\u0103t a opt r\u0103zboaie (Gaza, India-Pakistan, Cambodgia-Thailanda, etc.) \u015fi consider\u0103 c\u0103 eforturile sale ar trebui s\u0103-i aduc\u0103 Premiul Nobel pentru Pace.<\/p>\n<p>FIFA, puternica organiza\u0163ie interna\u0163ional\u0103 de fotbal, i-a acordat deja un premiu pentru pace la \u00eenceputul lunii decembrie, cu ocazia tragerii la sor\u0163i pentru Cupa Mondial\u0103 din 2026, la Washington. Dar exper\u0163ii subliniaz\u0103 c\u0103 interven\u0163ia lui Donald Trump \u00een unele dintre aceste conflicte a fost minim\u0103 sau chiar inexistent\u0103, relateaz\u0103 AFP.<\/p>","protected":false},"excerpt":{"rendered":"<p>Israelienii \u201eapreciaz\u0103 ceea ce a\u0163i f\u0103cut pentru a ajuta Israelul \u015fi pentru a sus\u0163ine lupta&hellip;<\/p>\n","protected":false},"author":0,"featured_media":54881,"comment_status":"open","ping_status":"open","sticky":false,"template":"","format":"standard","meta":{"footnotes":""},"categories":[4],"tags":[],"class_list":["post-54880","post","type-post","status-publish","format-standard","has-post-thumbnail","hentry","category-extern"],"_links":{"self":[{"href":"https:\/\/247stiri.ro\/index.php\/wp-json\/wp\/v2\/posts\/54880","targetHints":{"allow":["GET"]}}],"collection":[{"href":"https:\/\/247stiri.ro\/index.php\/wp-json\/wp\/v2\/posts"}],"about":[{"href":"https:\/\/247stiri.ro\/index.php\/wp-json\/wp\/v2\/types\/post"}],"replies":[{"embeddable":true,"href":"https:\/\/247stiri.ro\/index.php\/wp-json\/wp\/v2\/comments?post=54880"}],"version-history":[{"count":0,"href":"https:\/\/247stiri.ro\/index.php\/wp-json\/wp\/v2\/posts\/54880\/revisions"}],"wp:featuredmedia":[{"embeddable":true,"href":"https:\/\/247stiri.ro\/index.php\/wp-json\/wp\/v2\/media\/54881"}],"wp:attachment":[{"href":"https:\/\/247stiri.ro\/index.php\/wp-json\/wp\/v2\/media?parent=54880"}],"wp:term":[{"taxonomy":"category","embeddable":true,"href":"https:\/\/247stiri.ro\/index.php\/wp-json\/wp\/v2\/categories?post=54880"},{"taxonomy":"post_tag","embeddable":true,"href":"https:\/\/247stiri.ro\/index.php\/wp-json\/wp\/v2\/tags?post=54880"}],"curies":[{"name":"wp","href":"https:\/\/api.w.org\/{rel}","templated":true}]}}