{"id":5500,"date":"2024-11-07T17:22:06","date_gmt":"2024-11-07T17:22:06","guid":{"rendered":"https:\/\/247stiri.ro\/index.php\/2024\/11\/07\/joe-bidden-s-a-adresat-pentru-prima-data-natiunii-dupa-ce-donald-trump-a-castigat-un-nou-mandat-la-casa-alba\/"},"modified":"2024-11-07T17:22:06","modified_gmt":"2024-11-07T17:22:06","slug":"joe-bidden-s-a-adresat-pentru-prima-data-natiunii-dupa-ce-donald-trump-a-castigat-un-nou-mandat-la-casa-alba","status":"publish","type":"post","link":"https:\/\/247stiri.ro\/index.php\/2024\/11\/07\/joe-bidden-s-a-adresat-pentru-prima-data-natiunii-dupa-ce-donald-trump-a-castigat-un-nou-mandat-la-casa-alba\/","title":{"rendered":"Joe Bidden s-a adresat pentru prima dat\u0103 na\u021biunii dup\u0103 ce Donald Trump a c\u00e2\u0219tigat un nou mandat la Casa Alb\u0103"},"content":{"rendered":"<p class=\"tw-data-text tw-text-large tw-ta\">Vorbind din gr\u0103dina de trandafiri a Casei Albe, Biden, a recunoscut c\u0103 votul a fost \u201ecinstit \u0219i corect\u201d \u0219i a precizat c\u0103 l-a sunat pe Donald Trump s\u0103-l felicite pentru victoria categoric\u0103 on\u021binut\u0103 \u00een fa\u0219a actualului\u00a0 vicepre\u0219edinte democrat Kamala Harris.<\/p>\n<p class=\"tw-data-text tw-text-large tw-ta\">Pre\u0219edintele \u00een exerci\u021biu a mai precizat, \u00eentr-un stil destul de ezitant, c\u0103 las\u0103 \u00een urm\u0103 \u201ecea mai puternic\u0103 economie din lume\u201d, potrivit The Sun. &#8222;Nu uita\u021bi, nu uita\u021bi tot ce am realizat. A fost o pre\u0219edin\u021bie istoric\u0103. Nu pentru c\u0103 eu sunt pre\u0219edinte. Pentru c\u0103 ceea ce am f\u0103cut noi, ceea ce a\u021bi f\u0103cut dumneavoastr\u0103. O pre\u0219edin\u021bie pentru to\u021bi americanii\u201d.<\/p>\n<p class=\"tw-data-text tw-text-large tw-ta\">Bidden a insistat c\u0103 \u201e\u00eenfr\u00e2ngerea nu \u00eenseamn\u0103 c\u0103 suntem \u00eenvin\u0219i\u201d.\u00a0<\/p>\n<p class=\"tw-data-text tw-text-large tw-ta\">\u00a0<\/p>","protected":false},"excerpt":{"rendered":"<p>Vorbind din gr\u0103dina de trandafiri a Casei Albe, Biden, a recunoscut c\u0103 votul a fost&hellip;<\/p>\n","protected":false},"author":0,"featured_media":5487,"comment_status":"open","ping_status":"open","sticky":false,"template":"","format":"standard","meta":{"footnotes":""},"categories":[2],"tags":[],"class_list":["post-5500","post","type-post","status-publish","format-standard","has-post-thumbnail","hentry","category-actual"],"_links":{"self":[{"href":"https:\/\/247stiri.ro\/index.php\/wp-json\/wp\/v2\/posts\/5500","targetHints":{"allow":["GET"]}}],"collection":[{"href":"https:\/\/247stiri.ro\/index.php\/wp-json\/wp\/v2\/posts"}],"about":[{"href":"https:\/\/247stiri.ro\/index.php\/wp-json\/wp\/v2\/types\/post"}],"replies":[{"embeddable":true,"href":"https:\/\/247stiri.ro\/index.php\/wp-json\/wp\/v2\/comments?post=5500"}],"version-history":[{"count":0,"href":"https:\/\/247stiri.ro\/index.php\/wp-json\/wp\/v2\/posts\/5500\/revisions"}],"wp:featuredmedia":[{"embeddable":true,"href":"https:\/\/247stiri.ro\/index.php\/wp-json\/wp\/v2\/media\/5487"}],"wp:attachment":[{"href":"https:\/\/247stiri.ro\/index.php\/wp-json\/wp\/v2\/media?parent=5500"}],"wp:term":[{"taxonomy":"category","embeddable":true,"href":"https:\/\/247stiri.ro\/index.php\/wp-json\/wp\/v2\/categories?post=5500"},{"taxonomy":"post_tag","embeddable":true,"href":"https:\/\/247stiri.ro\/index.php\/wp-json\/wp\/v2\/tags?post=5500"}],"curies":[{"name":"wp","href":"https:\/\/api.w.org\/{rel}","templated":true}]}}