{"id":55003,"date":"2025-12-30T15:44:57","date_gmt":"2025-12-30T15:44:57","guid":{"rendered":"https:\/\/247stiri.ro\/index.php\/2025\/12\/30\/lovitura-financiara-pentru-ungaria-budapesta-a-ajuns-in-categoria-junk-iar-investitorii-fug-pe-capete\/"},"modified":"2025-12-30T15:44:57","modified_gmt":"2025-12-30T15:44:57","slug":"lovitura-financiara-pentru-ungaria-budapesta-a-ajuns-in-categoria-junk-iar-investitorii-fug-pe-capete","status":"publish","type":"post","link":"https:\/\/247stiri.ro\/index.php\/2025\/12\/30\/lovitura-financiara-pentru-ungaria-budapesta-a-ajuns-in-categoria-junk-iar-investitorii-fug-pe-capete\/","title":{"rendered":"Lovitur\u0103 financiar\u0103 pentru Ungaria: Budapesta a ajuns \u00een categoria \u201ejunk\u201d, iar investitorii fug pe capete"},"content":{"rendered":"<p>\u00cen evaluarea publicat\u0103 de Moody\u2019s, accentul cade pe situa\u021bia lichidit\u0103\u021bilor. Agen\u021bia noteaz\u0103 c\u0103 informa\u021biile privind disponibilul de numerar al Budapestei ridic\u0103 semne serioase privind capacitatea municipalit\u0103\u021bii de a acoperi pl\u0103\u021bile urgente. Problema nu \u021bine doar de disputele politice, ci de fondurile existente \u00een prezent pentru a acoperi scaden\u021bele imediate.<\/p>\n<p>Moody\u2019s men\u021bioneaz\u0103 incertitudinea legat\u0103 de transferurile obi\u0219nuite de la nivel central, lipsa resurselor necesare pentru a acoperi golurile de cash \u0219i tensiunile persistente dintre administra\u021bia local\u0103 \u0219i guvernul na\u021bional, factori care pot amplifica vulnerabilitatea financiar\u0103.<\/p>\n<p>O retrogradare care love\u0219te \u00een plin scena politic\u0103<\/p>\n<p>Decizia agen\u021biei vine \u00eentr-un moment \u00een care Ungaria se apropie de alegerile parlamentare din prim\u0103var\u0103, iar partidul de opozi\u021bie TISZA apare \u00een sondaje ca favorit \u00een evalu\u0103rile independente. Situa\u021bia pune presiune pe cei 16 ani de guvernare Orban.<\/p>\n<p>Primarul Budapestei, Gergely Karacsony, cunoscut pentru pozi\u021biile sale ecologiste \u0219i pentru criticile la adresa premierului, avertizeaz\u0103 de mult timp c\u0103 ora\u0219ul se apropie de insolven\u021b\u0103. El acuz\u0103 guvernul c\u0103 a majorat taxele impuse capitalei, a blocat fonduri promise \u0219i c\u0103 \u00eencearc\u0103 s\u0103 limiteze autonomia marilor municipalit\u0103\u021bi prin presiune financiar\u0103. \u00cen replic\u0103, partidul lui Viktor Orban sus\u021bine c\u0103 problemele provin din \u201echeltuieli iresponsabile\u201d ale administra\u021biei locale.<\/p>\n<p><a title='Viktor Orban s-a dezlantuit impotriva UE:  ,,Iluzia ca statul de drept prevaleaza la Bruxelles s-a sfarsit\"' href=\"https:\/\/www.realitatea.net\/stiri\/actual\/viktor-orban-sa-dezlantuit-impotriva-ue-iluzia-ca-statul-de-drept-prevaleaza-la-bruxelles-sa-sfarsit_693dda6a8913703019118543\">Viktor Orban s-a dezl\u0103n\u021buit \u00eempotriva UE: \u201eIluzia c\u0103 statul de drept prevaleaz\u0103 la Bruxelles s-a sf\u00e2r\u0219it\u201d<\/a><\/p>\n<p>Contribu\u021bia de solidaritate, m\u0103rul discordiei<\/p>\n<p>Un element central al conflictului \u00eel reprezint\u0103 contribu\u021biile de solidaritate pe care Budapesta trebuie s\u0103 le vireze c\u0103tre guvernul central. Aceste pl\u0103\u021bi ar fi crescut de aproape nou\u0103 ori din 2019, anul \u00een care Karacsony a devenit primar, ajung\u00e2nd \u00een prezent s\u0103 reprezinte aproximativ o cincime din veniturile capitalei. Municipalitatea a deschis mai multe ac\u021biuni \u00een instan\u021b\u0103, argument\u00e2nd c\u0103 taxa ar fi neconstitu\u021bional\u0103, \u00een timp ce guvernul justific\u0103 m\u0103sura prin necesitatea redistribuirii fondurilor c\u0103tre localit\u0103\u021bile mai pu\u021bin dezvoltate.<\/p>\n<p>Tensiunile au crescut \u0219i mai mult dup\u0103 ce parlamentul ungar a adoptat o lege care ar putea obliga Budapesta s\u0103 contracteze \u00eemprumuturi \u00een condi\u021bii neclare, iar eventualele nereguli ar putea atrage r\u0103spunderea penal\u0103 a primarului.<\/p>\n<p>De ce cazul Budapestei ar trebui urm\u0103rit atent la Bucure\u0219ti<\/p>\n<p>Situa\u021bia din Ungaria nu se suprapune perfect peste cea din Rom\u00e2nia, \u00eens\u0103 ofer\u0103 un avertisment util. Atunci c\u00e2nd o capital\u0103 intr\u0103 \u00eentr-un conflict prelungit cu guvernul central \u0219i depinde de transferuri imprevizibile, costul finan\u021b\u0103rii poate cre\u0219te abrupt. Percep\u021bia de risc influen\u021beaz\u0103 direct dob\u00e2nzile pentru proiecte majore precum transportul public, termoficarea, infrastructura rutier\u0103 sau achizi\u021biile de tramvaie.<\/p>\n<p>\u00cen Bucure\u0219ti, unde orice dezechilibru bugetar se reflect\u0103 rapid \u00een servicii esen\u021biale, combina\u021bia dintre lichiditate redus\u0103 \u0219i transferuri incerte poate genera blocaje \u00een lan\u021b. \u00centr-un ora\u0219 \u00een care transportul public, repara\u021biile majore \u0219i sistemul de termoficare depind de fluxuri financiare stabile, un scenariu similar celui din Budapesta ar putea produce efecte imediate.<\/p>\n<p><a title='Viktor Orban sfideaza UE la ea acasa: \"Nu are rost sa fim in Uniunea Europeana\"' href=\"https:\/\/www.realitatea.net\/stiri\/actual\/viktor-orban-sfideaza-ue-la-ea-acasa-nu-are-rost-sa-fim-in-uniunea-europeana_6945682a1d8eea02314b411b\">Viktor Orban sfideaz\u0103 UE la ea acas\u0103: \u201dNu are rost s\u0103 fim \u00een Uniunea European\u0103\u201d<\/a><\/p>","protected":false},"excerpt":{"rendered":"<p>\u00cen evaluarea publicat\u0103 de Moody\u2019s, accentul cade pe situa\u021bia lichidit\u0103\u021bilor. Agen\u021bia noteaz\u0103 c\u0103 informa\u021biile privind&hellip;<\/p>\n","protected":false},"author":0,"featured_media":54969,"comment_status":"open","ping_status":"open","sticky":false,"template":"","format":"standard","meta":{"footnotes":""},"categories":[2],"tags":[],"class_list":["post-55003","post","type-post","status-publish","format-standard","has-post-thumbnail","hentry","category-actual"],"_links":{"self":[{"href":"https:\/\/247stiri.ro\/index.php\/wp-json\/wp\/v2\/posts\/55003","targetHints":{"allow":["GET"]}}],"collection":[{"href":"https:\/\/247stiri.ro\/index.php\/wp-json\/wp\/v2\/posts"}],"about":[{"href":"https:\/\/247stiri.ro\/index.php\/wp-json\/wp\/v2\/types\/post"}],"replies":[{"embeddable":true,"href":"https:\/\/247stiri.ro\/index.php\/wp-json\/wp\/v2\/comments?post=55003"}],"version-history":[{"count":0,"href":"https:\/\/247stiri.ro\/index.php\/wp-json\/wp\/v2\/posts\/55003\/revisions"}],"wp:featuredmedia":[{"embeddable":true,"href":"https:\/\/247stiri.ro\/index.php\/wp-json\/wp\/v2\/media\/54969"}],"wp:attachment":[{"href":"https:\/\/247stiri.ro\/index.php\/wp-json\/wp\/v2\/media?parent=55003"}],"wp:term":[{"taxonomy":"category","embeddable":true,"href":"https:\/\/247stiri.ro\/index.php\/wp-json\/wp\/v2\/categories?post=55003"},{"taxonomy":"post_tag","embeddable":true,"href":"https:\/\/247stiri.ro\/index.php\/wp-json\/wp\/v2\/tags?post=55003"}],"curies":[{"name":"wp","href":"https:\/\/api.w.org\/{rel}","templated":true}]}}