{"id":55010,"date":"2025-12-30T16:45:38","date_gmt":"2025-12-30T16:45:38","guid":{"rendered":"https:\/\/247stiri.ro\/index.php\/2025\/12\/30\/adevarul-despre-anularea-alegerilor-din-amanare-in-amanare-raportul-promis-de-nicusor-dan-inca-se-lasa-asteptat\/"},"modified":"2025-12-30T16:45:38","modified_gmt":"2025-12-30T16:45:38","slug":"adevarul-despre-anularea-alegerilor-din-amanare-in-amanare-raportul-promis-de-nicusor-dan-inca-se-lasa-asteptat","status":"publish","type":"post","link":"https:\/\/247stiri.ro\/index.php\/2025\/12\/30\/adevarul-despre-anularea-alegerilor-din-amanare-in-amanare-raportul-promis-de-nicusor-dan-inca-se-lasa-asteptat\/","title":{"rendered":"Adev\u0103rul despre anularea alegerilor, din am\u00e2nare \u00een am\u00e2nare. Raportul promis de Nicu\u0219or Dan \u00eenc\u0103 se las\u0103 a\u0219teptat"},"content":{"rendered":"<p>Culmea este ca la fiecare apari\u021bie public\u0103 pre\u0219edintele face referire la acest subiect, dar vine cu noi termene care am\u00e2nare tot mai mult publicarea documentului sau desecretizarea \u0219edin\u021bei CSAT care a condus la<a href=\"https:\/\/www.realitatea.net\/stiri\/promo-tv\/ora-2100-editie-speciala-la-realitatea-plus-laurentiu-botin-prezinta-documentulbomba-din-spatele-anularii-alegerilor-video_695393ac895979287e038152\" target=\"_blank\"> aceast\u0103 decizie f\u0103r\u0103 precedent. <\/a><\/p>\n<p>Cum a tot am\u00e2nat Nicu\u0219or explica\u021biile despre anularea alegerilor?<\/p>\n<p>\u201e &#8211; De la momentul respectiv \u0219i de la dubiul pe care, f\u0103r\u0103 discu\u021bie, o decizie ca asta l-a dat \u0219i rom\u00e2nilor si partenerilor no\u0219tri despre c\u00e2t de viabil\u0103 este democra\u021bia noastr\u0103&#8230; cred c\u0103 au ap\u0103rut suficiente informa\u021bii care s\u0103 explice aceast\u0103 decizie.<\/p>\n<p>&#8211; C\u00e2nd ve\u021bi prezenta raportul?<\/p>\n<p> &#8211; Poate sf\u00e2r\u0219it de ianuarie&#8230;a\u0219a ca s\u0103 dam un termen aproximativ.\u201d, se arat\u0103 \u00een dialogul dintre Nicu\u0219or Dan \u0219i jurnali\u0219ti.<\/p>\n<p>Asta spunea Nicu\u0219or Dan la \u00eenceputul lui decembrie. Ar mai fi fost deci doar o lun\u0103 p\u00e2n\u0103 la prezentarea raportului mult-a\u0219teptat. Doar 10 zile mai t\u00e2rziu \u00eens\u0103, pre\u0219edintele s-a r\u0103zg\u00e2ndit.<\/p>\n<p>\u201eTrebuie s\u0103 \u00eenchidem acest capitol \u0219i s\u0103 venim cu un raport care s\u0103 fie complet pe ce s-a intamplat \u00een Rom\u00e2nia. Deci, este foarte important, probabil c\u0103 \u00een 2-3 luni vom ie\u0219i cu un raport.<\/p>\n<p>Este vorba de \u00eencrederea oamenilor \u00een stat. Mul\u021bi dintre rom\u00e2ni, \u00een momentul de fa\u021b\u0103, cred c\u0103 alegerile au fost anulate ilegal pentru c\u0103 o elit\u0103 conduc\u0103toare nu a vrut s\u0103 predea puterea cui ar fi putut s\u0103 c\u00e2\u0219tige. Oamenilor acestora trebuie s\u0103 le dam toate elementele \u0219i pe de alt\u0103 parte am reu\u0219it asta \u00een mare m\u0103sur\u0103 pe plan extern.\u201d, a transmis Nicu\u0219or Dan.<\/p>\n<p>Neclar este \u0219i ce va cuprinde<a href=\"https:\/\/www.realitatea.net\/stiri\/actual\/calin-georgescu-astazi-la-politia-buftea-pentru-controlul-judiciar-mesaj-special-in-ajun-de-an-nou_69535f574552885eb4471652\" target=\"_blank\"> acest raport,<\/a> din moment ce pre\u0219edintele a vorbit pe larg, \u00een mai multe r\u00e2nduri, despre faptul c\u0103 \u00eenc\u0103 nu are dovezile implic\u0103rii unui stat str\u0103in \u00een alegeri, dar \u0219i c\u0103 ar dura ani \u00eentregi pentru ca astfel de dovezi s\u0103 ias\u0103 la suprafa\u021b\u0103. De mai bine de un an, rom\u00e2nii care au cerut explica\u021bii clare \u00eenc\u0103 a\u0219teapt\u0103 un r\u0103spuns.<\/p>","protected":false},"excerpt":{"rendered":"<p>Culmea este ca la fiecare apari\u021bie public\u0103 pre\u0219edintele face referire la acest subiect, dar vine&hellip;<\/p>\n","protected":false},"author":0,"featured_media":55011,"comment_status":"open","ping_status":"open","sticky":false,"template":"","format":"standard","meta":{"footnotes":""},"categories":[3],"tags":[],"class_list":["post-55010","post","type-post","status-publish","format-standard","has-post-thumbnail","hentry","category-politica"],"_links":{"self":[{"href":"https:\/\/247stiri.ro\/index.php\/wp-json\/wp\/v2\/posts\/55010","targetHints":{"allow":["GET"]}}],"collection":[{"href":"https:\/\/247stiri.ro\/index.php\/wp-json\/wp\/v2\/posts"}],"about":[{"href":"https:\/\/247stiri.ro\/index.php\/wp-json\/wp\/v2\/types\/post"}],"replies":[{"embeddable":true,"href":"https:\/\/247stiri.ro\/index.php\/wp-json\/wp\/v2\/comments?post=55010"}],"version-history":[{"count":0,"href":"https:\/\/247stiri.ro\/index.php\/wp-json\/wp\/v2\/posts\/55010\/revisions"}],"wp:featuredmedia":[{"embeddable":true,"href":"https:\/\/247stiri.ro\/index.php\/wp-json\/wp\/v2\/media\/55011"}],"wp:attachment":[{"href":"https:\/\/247stiri.ro\/index.php\/wp-json\/wp\/v2\/media?parent=55010"}],"wp:term":[{"taxonomy":"category","embeddable":true,"href":"https:\/\/247stiri.ro\/index.php\/wp-json\/wp\/v2\/categories?post=55010"},{"taxonomy":"post_tag","embeddable":true,"href":"https:\/\/247stiri.ro\/index.php\/wp-json\/wp\/v2\/tags?post=55010"}],"curies":[{"name":"wp","href":"https:\/\/api.w.org\/{rel}","templated":true}]}}