{"id":55052,"date":"2025-12-30T18:45:05","date_gmt":"2025-12-30T18:45:05","guid":{"rendered":"https:\/\/247stiri.ro\/index.php\/2025\/12\/30\/mandatul-lui-bolojan-marcat-de-proteste-masive-zeci-de-mii-de-romani-in-strada-din-cauza-masurilor-luate-de-premier\/"},"modified":"2025-12-30T18:45:05","modified_gmt":"2025-12-30T18:45:05","slug":"mandatul-lui-bolojan-marcat-de-proteste-masive-zeci-de-mii-de-romani-in-strada-din-cauza-masurilor-luate-de-premier","status":"publish","type":"post","link":"https:\/\/247stiri.ro\/index.php\/2025\/12\/30\/mandatul-lui-bolojan-marcat-de-proteste-masive-zeci-de-mii-de-romani-in-strada-din-cauza-masurilor-luate-de-premier\/","title":{"rendered":"Mandatul lui Bolojan, marcat de proteste masive. Zeci de mii de rom\u00e2ni, \u00een strad\u0103 din cauza m\u0103surilor luate de premier"},"content":{"rendered":"<p>Anul cu cele mai mari proteste dup\u0103 m\u0103surile lui Bolojan<\/p>\n<p><a href=\"https:\/\/www.realitatea.net\/stiri\/actual\/bolojan-ultima-sedinta-de-guvern-de-an-cu-ultimele-masuri-de-austeritate-pe-masa-miza-uriasa_6953fd39ef91d23c165833d6\" target=\"_blank\">Angaja\u021bi din administra\u021bia local\u0103<\/a>, profesori sau oameni de r\u00e2nd au cerut cu disperare explica\u021bii.<\/p>\n<p>Oamenii <a href=\"https:\/\/www.realitatea.net\/stiri\/actual\/tragediile-si-dezastrele-care-iau-marcat-pe-romani-in-2025-cu-bolojan-si-nicusor-la-putere-cum-au-fost-umiliti-si-ignorati-de-politicienii-de-la-putere-video_6953f0159b8bb4364538b9c4\" target=\"_blank\">au fost \u00eengenunchea\u021bi<\/a> de scumpirile \u0219i taxele care s-au \u021binut lan\u021b.<\/p>","protected":false},"excerpt":{"rendered":"<p>Anul cu cele mai mari proteste dup\u0103 m\u0103surile lui Bolojan Angaja\u021bi din administra\u021bia local\u0103, profesori&hellip;<\/p>\n","protected":false},"author":0,"featured_media":55053,"comment_status":"open","ping_status":"open","sticky":false,"template":"","format":"standard","meta":{"footnotes":""},"categories":[3],"tags":[],"class_list":["post-55052","post","type-post","status-publish","format-standard","has-post-thumbnail","hentry","category-politica"],"_links":{"self":[{"href":"https:\/\/247stiri.ro\/index.php\/wp-json\/wp\/v2\/posts\/55052","targetHints":{"allow":["GET"]}}],"collection":[{"href":"https:\/\/247stiri.ro\/index.php\/wp-json\/wp\/v2\/posts"}],"about":[{"href":"https:\/\/247stiri.ro\/index.php\/wp-json\/wp\/v2\/types\/post"}],"replies":[{"embeddable":true,"href":"https:\/\/247stiri.ro\/index.php\/wp-json\/wp\/v2\/comments?post=55052"}],"version-history":[{"count":0,"href":"https:\/\/247stiri.ro\/index.php\/wp-json\/wp\/v2\/posts\/55052\/revisions"}],"wp:featuredmedia":[{"embeddable":true,"href":"https:\/\/247stiri.ro\/index.php\/wp-json\/wp\/v2\/media\/55053"}],"wp:attachment":[{"href":"https:\/\/247stiri.ro\/index.php\/wp-json\/wp\/v2\/media?parent=55052"}],"wp:term":[{"taxonomy":"category","embeddable":true,"href":"https:\/\/247stiri.ro\/index.php\/wp-json\/wp\/v2\/categories?post=55052"},{"taxonomy":"post_tag","embeddable":true,"href":"https:\/\/247stiri.ro\/index.php\/wp-json\/wp\/v2\/tags?post=55052"}],"curies":[{"name":"wp","href":"https:\/\/api.w.org\/{rel}","templated":true}]}}