{"id":55085,"date":"2025-12-30T20:44:52","date_gmt":"2025-12-30T20:44:52","guid":{"rendered":"https:\/\/247stiri.ro\/index.php\/2025\/12\/30\/guvernul-a-decis-cati-elevi-vor-beneficia-anul-viitor-de-programul-masa-sanatoasa\/"},"modified":"2025-12-30T20:44:52","modified_gmt":"2025-12-30T20:44:52","slug":"guvernul-a-decis-cati-elevi-vor-beneficia-anul-viitor-de-programul-masa-sanatoasa","status":"publish","type":"post","link":"https:\/\/247stiri.ro\/index.php\/2025\/12\/30\/guvernul-a-decis-cati-elevi-vor-beneficia-anul-viitor-de-programul-masa-sanatoasa\/","title":{"rendered":"Guvernul a decis c\u00e2\u021bi elevi vor beneficia anul viitor de programul \u201dMas\u0103 s\u0103n\u0103toas\u0103\u201d"},"content":{"rendered":"<p>Peste 540.000 de copii &#8211; pre\u0219colari \u0219i elevi din \u00eenv\u0103\u021b\u0103m\u00e2ntul preuniversitar &#8211; vor beneficia anul viitor de o mas\u0103 cald\u0103 sau un pachet alimentar, cu o valoare zilnic\u0103 de 16,5 lei pentru fiecare copil, \u00een cadrul programului na\u021bional &#8222;Mas\u0103 s\u0103n\u0103toas\u0103&#8221;.Potrivit unui comunicat de pres\u0103 transmis Agerpres, Guvernul a aprobat \u00een \u0219edin\u021ba de mar\u021bi hot\u0103r\u00e2rea privind instituirea programului na\u021bional &#8222;Mas\u0103 s\u0103n\u0103toas\u0103&#8221; \u00een anul 2026.&#8221;Peste 540.000 de copii &#8211; pre\u0219colari \u0219i elevi din \u00eenv\u0103\u021b\u0103m\u00e2ntul preuniversitar -, \u00eendeosebi din comunit\u0103\u021bi vulnerabile, vor beneficia pe perioada desf\u0103\u0219ur\u0103rii cursurilor \u00een anul 2026 de o mas\u0103 cald\u0103 sau un pachet alimentar. Valoarea zilnic\u0103 a mesei este de 16,5 lei pentru fiecare copil. Copiilor din unit\u0103\u021bile de \u00eenv\u0103\u021b\u0103m\u00e2nt \u00een care s-a derulat acest program guvernamental \u00een cursul anului 2025 se adaug\u0103 elevii\/pre\u0219colarii din unit\u0103\u021bile care au fuzionat cu \u0219coli\/gr\u0103dini\u021be \u00een care se derula programul. \u00cen acest fel num\u0103rul beneficiarilor este estimat la peste 540.000 de persoane&#8221;, se arat\u0103 \u00een comunicat.Finan\u021barea programului na\u021bional &#8222;Mas\u0103 s\u0103n\u0103toas\u0103&#8221; se asigur\u0103 de la bugetul de stat.&#8221;Programul guvernamental are ca obiectiv reducerea abandonului \u0219colar, cre\u0219terea performan\u021belor \u0219colare \u0219i a motiva\u021biei pentru studiu, \u00eendeosebi \u00een comunit\u0103\u021bile vulnerabile&#8221;, men\u021bioneaz\u0103 Executivul.<\/p>\n<p><a title=\"Vesti bune pentru elevi: transport gratuit si pe perioada examenelor de bacalaureat si evaluare nationala\" href=\"https:\/\/www.realitatea.net\/stiri\/actual\/vesti-bune-pentru-elevi-transport-gratuit-si-pe-perioada-examenelor-de-bacalaureat-si-evaluare-nationala_694a8692c132a851b0215720\">Ve\u0219ti bune pentru elevi: transport gratuit \u0219i pe perioada examenelor de bacalaureat \u0219i evaluare na\u021bional\u0103<\/a><\/p>","protected":false},"excerpt":{"rendered":"<p>Peste 540.000 de copii &#8211; pre\u0219colari \u0219i elevi din \u00eenv\u0103\u021b\u0103m\u00e2ntul preuniversitar &#8211; vor beneficia anul&hellip;<\/p>\n","protected":false},"author":0,"featured_media":55086,"comment_status":"open","ping_status":"open","sticky":false,"template":"","format":"standard","meta":{"footnotes":""},"categories":[2],"tags":[],"class_list":["post-55085","post","type-post","status-publish","format-standard","has-post-thumbnail","hentry","category-actual"],"_links":{"self":[{"href":"https:\/\/247stiri.ro\/index.php\/wp-json\/wp\/v2\/posts\/55085","targetHints":{"allow":["GET"]}}],"collection":[{"href":"https:\/\/247stiri.ro\/index.php\/wp-json\/wp\/v2\/posts"}],"about":[{"href":"https:\/\/247stiri.ro\/index.php\/wp-json\/wp\/v2\/types\/post"}],"replies":[{"embeddable":true,"href":"https:\/\/247stiri.ro\/index.php\/wp-json\/wp\/v2\/comments?post=55085"}],"version-history":[{"count":0,"href":"https:\/\/247stiri.ro\/index.php\/wp-json\/wp\/v2\/posts\/55085\/revisions"}],"wp:featuredmedia":[{"embeddable":true,"href":"https:\/\/247stiri.ro\/index.php\/wp-json\/wp\/v2\/media\/55086"}],"wp:attachment":[{"href":"https:\/\/247stiri.ro\/index.php\/wp-json\/wp\/v2\/media?parent=55085"}],"wp:term":[{"taxonomy":"category","embeddable":true,"href":"https:\/\/247stiri.ro\/index.php\/wp-json\/wp\/v2\/categories?post=55085"},{"taxonomy":"post_tag","embeddable":true,"href":"https:\/\/247stiri.ro\/index.php\/wp-json\/wp\/v2\/tags?post=55085"}],"curies":[{"name":"wp","href":"https:\/\/api.w.org\/{rel}","templated":true}]}}