{"id":55112,"date":"2025-12-31T05:44:49","date_gmt":"2025-12-31T05:44:49","guid":{"rendered":"https:\/\/247stiri.ro\/index.php\/2025\/12\/31\/misterul-mesei-de-craciun-o-mama-si-fiica-ei-au-murit-dupa-ce-au-mancat-medicii-le-au-trimis-de-doua-ori-acasa-de-la-spital\/"},"modified":"2025-12-31T05:44:49","modified_gmt":"2025-12-31T05:44:49","slug":"misterul-mesei-de-craciun-o-mama-si-fiica-ei-au-murit-dupa-ce-au-mancat-medicii-le-au-trimis-de-doua-ori-acasa-de-la-spital","status":"publish","type":"post","link":"https:\/\/247stiri.ro\/index.php\/2025\/12\/31\/misterul-mesei-de-craciun-o-mama-si-fiica-ei-au-murit-dupa-ce-au-mancat-medicii-le-au-trimis-de-doua-ori-acasa-de-la-spital\/","title":{"rendered":"Misterul mesei de Cr\u0103ciun: o mam\u0103 \u0219i fiic\u0103 ei au murit dup\u0103 ce au m\u00e2ncat. Medicii le-au trimis de dou\u0103 ori acas\u0103 de la spital"},"content":{"rendered":"<p><a href=\"https:\/\/www.realitatea.net\/stiri\/extern\/sia-impuscat-copilul-chiar-in-ziua-de-craciun-pentru-ca-era-prea-obraznic-unde-sa-produs-tragedia_6953cac31f654d4ae464dd63\" target=\"_blank\">Tragedia ridic\u0103<\/a> semne grave de \u00eentrebare asupra modului \u00een care au fost evaluate medical, dup\u0103 ce ambele au ajuns de dou\u0103 ori la spital \u0219i au fost externate.<\/p>\n<p>Victimele sunt Antonella Di Ielsi, \u00een v\u00e2rst\u0103 de 50 de ani, \u0219i Sara, fiica ei de 15 ani. Cele dou\u0103 au murit \u00eentre 27 \u0219i 28 decembrie 2025, la spitalul din Campobasso, dup\u0103 ce starea lor de s\u0103n\u0103tate s-a agravat brusc.<\/p>\n<p>Primele simptome au ap\u0103rut \u00een Ajunul Cr\u0103ciunului<\/p>\n<p>Totul a \u00eenceput \u00een seara de Ajun. Sara, elev\u0103 de liceu, a fost prima care a acuzat st\u0103ri severe de r\u0103u. La scurt timp, mama \u0219i tat\u0103l ei au \u00eenceput s\u0103 manifeste simptome similare. \u00cengrijorate, Antonella \u0219i fiica sa s-au prezentat de dou\u0103 ori la camera de gard\u0103.<\/p>\n<p>De fiecare dat\u0103, cadrele medicale au pus simptomele pe seama unei gastroenterite obi\u0219nuite \u0219i le-au trimis acas\u0103. Nimic nu prevestea, \u00eens\u0103, evolu\u021bia dramatic\u0103 ce avea s\u0103 urmeze.<\/p>\n<p>Deznod\u0103m\u00e2nt tragic dup\u0103 a treia internare<\/p>\n<p>\u00cen doar c\u00e2teva ore, starea celor dou\u0103 s-a deteriorat rapid. La a treia prezentare la spital, medicii nu au mai putut face nimic. Sara a murit prima, urmat\u0103 la scurt timp de mama ei. Decesul lor aproape simultan a \u0219ocat comunitatea local\u0103 \u0219i a declan\u0219at un val de reac\u021bii la nivel na\u021bional.<\/p>\n<p>Familia Di Ielsi locuia \u00een Pietracatella, un mic ora\u0219 din Molise, cu mai pu\u021bin de 1.200 de locuitori. Tat\u0103l fetelor, Gianni Di Vita, fost primar al localit\u0103\u021bii, a fost \u0219i el internat ini\u021bial la Campobasso, apoi transferat la Institutul Spallanzani din Roma. Starea lui este stabil\u0103, iar via\u021ba nu \u00eei este pus\u0103 \u00een pericol. Cealalt\u0103 fiic\u0103 a familiei se afl\u0103 \u00een afara oric\u0103rui pericol, fiind monitorizat\u0103 preventiv de medici.<\/p>\n<p>Anchet\u0103 penal\u0103 \u0219i suspiciuni de malpraxis<\/p>\n<p>Autorit\u0103\u021bile au deschis o anchet\u0103 ampl\u0103 pentru a stabili ce a dus la aceast\u0103 tragedie. Investiga\u021bia se desf\u0103\u0219oar\u0103 pe dou\u0103 direc\u021bii principale: identificarea exact\u0103 a cauzei medicale a deceselor \u0219i verificarea modului \u00een care personalul sanitar a gestionat cazul.<\/p>\n<p>Cinci cadre medicale \u2014 medici \u0219i asistente de la spitalul din Campobasso \u2014 sunt cercetate pentru omor din culp\u0103 \u0219i v\u0103t\u0103mare corporal\u0103 din neglijen\u021b\u0103, dup\u0103 ce mama \u0219i fiica au fost examinate \u0219i externate de dou\u0103 ori.<\/p>\n<p>O autopsie va clarifica cauza exact\u0103 a mor\u021bii, iar analizele toxicologice sunt esen\u021biale pentru a identifica substan\u021ba sau agentul care ar fi declan\u0219at intoxica\u021bia sever\u0103.<\/p>\n<p><a href=\"https:\/\/www.realitatea.net\/stiri\/actual\/ultima-dorinta-a-lui-brigitte-bardot-va-fi-inmormantata-la-sainttropez-alaturi-de-animalele-pe-care-lea-iubit_695276d62ecb4b57ee4e46a3\" target=\"_blank\">Anchetatorii au confiscat<\/a> toate alimentele din locuin\u021ba familiei, iar de\u0219eurile menajere au fost recuperate pentru analiz\u0103. Nu este \u00eenc\u0103 limpede dac\u0103 produsele consumate la masa din Ajunul Cr\u0103ciunului au fost cele care au provocat tragedia sau dac\u0103 sursa intoxica\u021biei se afl\u0103 \u00een alimente ingerate cu o zi \u00eenainte.<\/p>\n<p>\u00a0<\/p>\n<p class=\"pf0\">\u00a0<\/p>","protected":false},"excerpt":{"rendered":"<p>Tragedia ridic\u0103 semne grave de \u00eentrebare asupra modului \u00een care au fost evaluate medical, dup\u0103&hellip;<\/p>\n","protected":false},"author":0,"featured_media":55113,"comment_status":"open","ping_status":"open","sticky":false,"template":"","format":"standard","meta":{"footnotes":""},"categories":[4],"tags":[],"class_list":["post-55112","post","type-post","status-publish","format-standard","has-post-thumbnail","hentry","category-extern"],"_links":{"self":[{"href":"https:\/\/247stiri.ro\/index.php\/wp-json\/wp\/v2\/posts\/55112","targetHints":{"allow":["GET"]}}],"collection":[{"href":"https:\/\/247stiri.ro\/index.php\/wp-json\/wp\/v2\/posts"}],"about":[{"href":"https:\/\/247stiri.ro\/index.php\/wp-json\/wp\/v2\/types\/post"}],"replies":[{"embeddable":true,"href":"https:\/\/247stiri.ro\/index.php\/wp-json\/wp\/v2\/comments?post=55112"}],"version-history":[{"count":0,"href":"https:\/\/247stiri.ro\/index.php\/wp-json\/wp\/v2\/posts\/55112\/revisions"}],"wp:featuredmedia":[{"embeddable":true,"href":"https:\/\/247stiri.ro\/index.php\/wp-json\/wp\/v2\/media\/55113"}],"wp:attachment":[{"href":"https:\/\/247stiri.ro\/index.php\/wp-json\/wp\/v2\/media?parent=55112"}],"wp:term":[{"taxonomy":"category","embeddable":true,"href":"https:\/\/247stiri.ro\/index.php\/wp-json\/wp\/v2\/categories?post=55112"},{"taxonomy":"post_tag","embeddable":true,"href":"https:\/\/247stiri.ro\/index.php\/wp-json\/wp\/v2\/tags?post=55112"}],"curies":[{"name":"wp","href":"https:\/\/api.w.org\/{rel}","templated":true}]}}