{"id":55121,"date":"2025-12-31T05:44:54","date_gmt":"2025-12-31T05:44:54","guid":{"rendered":"https:\/\/247stiri.ro\/index.php\/2025\/12\/31\/schimbare-majora-din-2026-guvernul-modifica-regulile-pentru-concediul-medical-cate-zile-vor-fi-platite-de-angajat\/"},"modified":"2025-12-31T05:44:54","modified_gmt":"2025-12-31T05:44:54","slug":"schimbare-majora-din-2026-guvernul-modifica-regulile-pentru-concediul-medical-cate-zile-vor-fi-platite-de-angajat","status":"publish","type":"post","link":"https:\/\/247stiri.ro\/index.php\/2025\/12\/31\/schimbare-majora-din-2026-guvernul-modifica-regulile-pentru-concediul-medical-cate-zile-vor-fi-platite-de-angajat\/","title":{"rendered":"Schimbare major\u0103 din 2026: Guvernul modific\u0103 regulile pentru concediul medical. C\u00e2te zile vor fi pl\u0103tite de angajat"},"content":{"rendered":"<p>\u00cencep\u00e2nd cu 1 februarie 2026, angajatorii vor suporta costul primelor cinci zile de concediu medical pentru fiecare salariat, iar prima zi nu va mai fi pl\u0103tit\u0103, fiind diminuat\u0103 din indemniza\u021bie.<\/p>\n<p>Controale mai stricte pentru concediile medicale<\/p>\n<p>Ordonan\u021ba introduce un sistem de verificare mult mai amplu, desf\u0103\u0219urat pe mai multe niveluri:\u00a0<\/p>\n<p>Casele de Asigur\u0103ri de S\u0103n\u0103tate vor verifica legalitatea \u0219i temeinicia fiec\u0103rui concediu medical, inclusiv documentele medicale, durata acord\u0103rii \u0219i corectitudinea complet\u0103rii certificatelor.<\/p>\n<p>Cabinetele de expertiz\u0103 a capacit\u0103\u021bii de munc\u0103 pot fi sesizate pentru verific\u0103ri suplimentare.<\/p>\n<p>Comisia de disciplin\u0103 a Colegiului Medicilor \u0219i structurile jude\u021bene pot aplica sanc\u021biuni medicilor care elibereaz\u0103 concedii nejustificate.<\/p>\n<p>Dac\u0103 \u00een urma controalelor se constat\u0103 c\u0103 certificatul a fost emis ilegal, asiguratul nu prime\u0219te indemniza\u021bia aferent\u0103 concediului medical.<\/p>\n<p>Cum se \u00eempart costurile \u00eentre angajator \u0219i stat<\/p>\n<p>Potrivit ordonan\u021bei, \u00eentre 1 februarie 2026 \u0219i 31 decembrie 2027, se aplic\u0103 un mecanism temporar de \u00eemp\u0103r\u021bire a costurilor:<\/p>\n<p>Ziua 1 \u2013 nu se pl\u0103te\u0219te (diminuare din indemniza\u021bie)<\/p>\n<p>Zilele 2\u20136 \u2013 sunt suportate de angajator<\/p>\n<p>Din ziua 7 p\u00e2n\u0103 la vindecare \u2013 plata revine bugetului FNUASS<\/p>\n<p>M\u0103sura urm\u0103re\u0219te reducerea presiunii asupra bugetului de s\u0103n\u0103tate \u0219i limitarea concediilor medicale nejustificate.<\/p>\n<p><a title=\"Veste buna pentru medicii specialisti. Ministrul Sanatatii anunta majorarea punctului in ambulatoriu din 2026\" href=\"https:\/\/www.realitatea.net\/stiri\/actual\/veste-buna-pentru-medicii-specialisti-ministrul-sanatatii-anunta-majorarea-punctului-in-ambulatoriu-din-2026_694af46946a1540d4f5b1f39\">Veste bun\u0103 pentru medicii speciali\u0219ti. Ministrul S\u0103n\u0103t\u0103\u021bii anun\u021b\u0103 majorarea punctului \u00een ambulatoriu din 2026<\/a><\/p>\n<p>Perioadele \u00een care indemniza\u021bia este diminuat\u0103 vor fi considerate stagiu de asigurare, astfel \u00eenc\u00e2t salaria\u021bii \u00ee\u0219i p\u0103streaz\u0103 calitatea de asigurat.<\/p>\n<p>Schimb\u0103ri pentru ambulatorii \u0219i pentru medicii speciali\u0219ti<\/p>\n<p>Ordonan\u021ba aduce modific\u0103ri \u0219i \u00een organizarea activit\u0103\u021bii medicale:<\/p>\n<p>Programul ambulatoriilor integrate va fi raportat la nivelul cabinetului, nu al medicului, pentru a flexibiliza activitatea.<\/p>\n<p>Medicii din ambulatoriu vor putea \u00eencheia dou\u0103 contracte \u00een limita unei norme \u0219i jum\u0103tate, pentru a cre\u0219te accesul pacien\u021bilor la servicii.<\/p>\n<p>Distribu\u021bia fondurilor pentru medicina primar\u0103 \u00een 2026<\/p>\n<p>Pentru anul 2026, fondurile destinate asisten\u021bei medicale primare vor fi distribuite astfel:<\/p>\n<p>25% \u2013 plata per capita<\/p>\n<p>75% \u2013 plata pe serviciu medical<\/p>\n<p>Aceast\u0103 \u00eemp\u0103r\u021bire este stabilit\u0103 prin Legea nr. 163\/2025 \u0219i se va face \u00een limita bugetului aprobat pentru 2025, care r\u0103m\u00e2ne neschimbat.<\/p>\n<p><a title=\"Digitalizarea sistemului medical prinde contur: retetele pe hartie dispar, iar pacientii isi vor accesa online istoricul medical\" href=\"https:\/\/www.realitatea.net\/stiri\/actual\/digitalizarea-sistemului-medical-prinde-contur-retetele-pe-hartie-dispar-iar-pacientii-isi-vor-accesa-online-istoricul-medical_694bfadafa0ad5280d28d801\">Digitalizarea sistemului medical prinde contur: re\u021betele pe h\u00e2rtie dispar, iar pacien\u021bii \u00ee\u0219i vor accesa online istoricul medical<\/a><\/p>","protected":false},"excerpt":{"rendered":"<p>\u00cencep\u00e2nd cu 1 februarie 2026, angajatorii vor suporta costul primelor cinci zile de concediu medical&hellip;<\/p>\n","protected":false},"author":0,"featured_media":55122,"comment_status":"open","ping_status":"open","sticky":false,"template":"","format":"standard","meta":{"footnotes":""},"categories":[2],"tags":[],"class_list":["post-55121","post","type-post","status-publish","format-standard","has-post-thumbnail","hentry","category-actual"],"_links":{"self":[{"href":"https:\/\/247stiri.ro\/index.php\/wp-json\/wp\/v2\/posts\/55121","targetHints":{"allow":["GET"]}}],"collection":[{"href":"https:\/\/247stiri.ro\/index.php\/wp-json\/wp\/v2\/posts"}],"about":[{"href":"https:\/\/247stiri.ro\/index.php\/wp-json\/wp\/v2\/types\/post"}],"replies":[{"embeddable":true,"href":"https:\/\/247stiri.ro\/index.php\/wp-json\/wp\/v2\/comments?post=55121"}],"version-history":[{"count":0,"href":"https:\/\/247stiri.ro\/index.php\/wp-json\/wp\/v2\/posts\/55121\/revisions"}],"wp:featuredmedia":[{"embeddable":true,"href":"https:\/\/247stiri.ro\/index.php\/wp-json\/wp\/v2\/media\/55122"}],"wp:attachment":[{"href":"https:\/\/247stiri.ro\/index.php\/wp-json\/wp\/v2\/media?parent=55121"}],"wp:term":[{"taxonomy":"category","embeddable":true,"href":"https:\/\/247stiri.ro\/index.php\/wp-json\/wp\/v2\/categories?post=55121"},{"taxonomy":"post_tag","embeddable":true,"href":"https:\/\/247stiri.ro\/index.php\/wp-json\/wp\/v2\/tags?post=55121"}],"curies":[{"name":"wp","href":"https:\/\/api.w.org\/{rel}","templated":true}]}}