{"id":5513,"date":"2024-11-07T17:22:08","date_gmt":"2024-11-07T17:22:08","guid":{"rendered":"https:\/\/247stiri.ro\/index.php\/2024\/11\/07\/zi-de-doliu-in-lumea-artei-daniel-spoerri-unul-dintre-cei-mai-mari-artisti-vizuali-de-origine-romana-a-incetat-din-viata\/"},"modified":"2024-11-07T17:22:08","modified_gmt":"2024-11-07T17:22:08","slug":"zi-de-doliu-in-lumea-artei-daniel-spoerri-unul-dintre-cei-mai-mari-artisti-vizuali-de-origine-romana-a-incetat-din-viata","status":"publish","type":"post","link":"https:\/\/247stiri.ro\/index.php\/2024\/11\/07\/zi-de-doliu-in-lumea-artei-daniel-spoerri-unul-dintre-cei-mai-mari-artisti-vizuali-de-origine-romana-a-incetat-din-viata\/","title":{"rendered":"Zi de doliu \u00een lumea artei: Daniel Spoerri, unul dintre cei mai mari arti\u0219ti vizuali de origine rom\u00e2n\u0103, a \u00eencetat din via\u021b\u0103"},"content":{"rendered":"<p>\u201eSuntem profund \u00eentrista\u021bi de moartea lui Daniel Spoerri, o personalitate emblematic\u0103 a artei \u0219i membru fondator al mi\u0219c\u0103rii Nouveau R\u00e9alisme\u201d, a transmis Muzeul de Art\u0103 Modern\u0103 \u0219i Contemporan\u0103 pe platforma X. \u201eViziunea sa unic\u0103, exprimat\u0103 prin \u201etableau-pi\u00e8ges\u201d \u0219i surprinz\u0103toarele sale asamblaje, a capturat esen\u021ba cotidianului, a momentului obi\u0219nuit \u0219i a ineditului. Mo\u0219tenirea sa va r\u0103m\u00e2ne o surs\u0103 continu\u0103 de inspira\u021bie \u0219i reflec\u021bie\u201d, a ad\u0103ugat institu\u021bia.<\/p>\n<p>De la Gala\u021bi la scena interna\u021bional\u0103 a artei moderne<\/p>\n<p>N\u0103scut \u00een 1930 la Gala\u021bi, pe malul Dun\u0103rii, Spoerri a devenit cunoscut pentru <a href=\"https:\/\/www.realitatea.net\/stiri\/actual\/doliu-urias-in-presa-romaneasca-a-murit-una-dintre-vocile-de-aur-ale-radio-europa-libera_672a43382f39c045bf6299a2\" target=\"_blank\" rel=\"noopener\">abord\u0103rile sale neconven\u021bionale<\/a>, folosind resturi de la mas\u0103 pentru a crea opere tridimensionale care reflect\u0103 obiceiurile alimentare ale oamenilor. Conceptul s\u0103u, \u201eEat Art\u201d, a pornit de la ideea de a conserva farfuriile, tac\u00e2murile \u0219i resturile unei mese, lipindu-le pe un suport \u0219i transform\u00e2ndu-le \u00eentr-o lucrare de art\u0103.<\/p>\n<p>Daniel Spoerri a contribuit la fondarea mi\u0219c\u0103rii \u201eNoul Realism\u201d \u00een 1960, al\u0103turi de arti\u0219ti ca Yves Klein, Arman, Raymond Hains \u0219i Jean Tinguely. \u00centre 1968 \u0219i 1972, a deschis un restaurant la D\u00fcsseldorf, Germania, unde clien\u021bii puteau pleca acas\u0103 cu propriile \u201eopere\u201d de art\u0103, conserv\u00e2nd mesele lor. Totodat\u0103, a fondat Galeria Eat Art, dedicat\u0103 crea\u021biilor comestibile, care au atras arti\u0219ti precum C\u00e9sar \u0219i Pierre Soulages.<\/p>\n\n<p>\u00a0 \u00a0 \u00a0 \u00a0 \u00a0 \u00a0 \u00a0 \u00a0 \u00a0 \u00a0 \u00a0 \u00a0 \u00a0 \u00a0Daniel Spoerri a murit \/ Sursa foto &#8211; Arhiv\u0103<\/p>\n<p>O contribu\u021bie artistic\u0103 inovatoare<\/p>\n<p>Pe l\u00e2ng\u0103 lucr\u0103rile sale \u201eEat Art\u201d, Spoerri a explorat \u0219i grani\u021bele dintre realitate \u0219i iluzie prin seria \u201ed\u00e9trompe-l\u2019oeil\u201d, \u00een care integra obiecte reale pe p\u00e2nze sau tapiserii. Aceste lucr\u0103ri au fost expuse \u00een retrospective importante, inclusiv la Centrul Pompidou din Paris \u00een anii 1990, iar \u00een 2021, Mus\u00e9e d\u2019art moderne et d\u2019art contemporain din Nisa i-a dedicat o expozi\u021bie ampl\u0103.<\/p>\n<p>Anul trecut, Spoerri a fost invitat special la MoBU, t\u00e2rgul de art\u0103 de la Bucure\u0219ti, unde a expus 120 de lucr\u0103ri \u00een cadrul expozi\u021biei \u201eA Moment for Eternity \/ O Clip\u0103 pentru eternitate\u201d. Opera sa se reg\u0103se\u0219te ast\u0103zi \u00een colec\u021biile unor institu\u021bii de renume precum MoMA din New York, Tate Modern din Londra \u0219i Centre Pompidou din Paris.<\/p>\n<p>Daniel Spoerri a l\u0103sat o amprent\u0103 profund\u0103 asupra artei mondiale, iar dispari\u021bia sa marcheaz\u0103 <a href=\"https:\/\/www.realitatea.net\/stiri\/actual\/doliu-in-presa-din-romania-una-dintre-cele-mai-mari-jurnaliste-a-murit-intrun-groaznic-accident-fiica-sa-la-terapie-intensiva_67289e3bacb2e47d7f59e622\" target=\"_blank\" rel=\"noopener\">o pierdere uria\u0219\u0103<\/a> pentru comunitatea artistic\u0103 global\u0103.<\/p>","protected":false},"excerpt":{"rendered":"<p>\u201eSuntem profund \u00eentrista\u021bi de moartea lui Daniel Spoerri, o personalitate emblematic\u0103 a artei \u0219i membru&hellip;<\/p>\n","protected":false},"author":0,"featured_media":5514,"comment_status":"open","ping_status":"open","sticky":false,"template":"","format":"standard","meta":{"footnotes":""},"categories":[2],"tags":[],"class_list":["post-5513","post","type-post","status-publish","format-standard","has-post-thumbnail","hentry","category-actual"],"_links":{"self":[{"href":"https:\/\/247stiri.ro\/index.php\/wp-json\/wp\/v2\/posts\/5513","targetHints":{"allow":["GET"]}}],"collection":[{"href":"https:\/\/247stiri.ro\/index.php\/wp-json\/wp\/v2\/posts"}],"about":[{"href":"https:\/\/247stiri.ro\/index.php\/wp-json\/wp\/v2\/types\/post"}],"replies":[{"embeddable":true,"href":"https:\/\/247stiri.ro\/index.php\/wp-json\/wp\/v2\/comments?post=5513"}],"version-history":[{"count":0,"href":"https:\/\/247stiri.ro\/index.php\/wp-json\/wp\/v2\/posts\/5513\/revisions"}],"wp:featuredmedia":[{"embeddable":true,"href":"https:\/\/247stiri.ro\/index.php\/wp-json\/wp\/v2\/media\/5514"}],"wp:attachment":[{"href":"https:\/\/247stiri.ro\/index.php\/wp-json\/wp\/v2\/media?parent=5513"}],"wp:term":[{"taxonomy":"category","embeddable":true,"href":"https:\/\/247stiri.ro\/index.php\/wp-json\/wp\/v2\/categories?post=5513"},{"taxonomy":"post_tag","embeddable":true,"href":"https:\/\/247stiri.ro\/index.php\/wp-json\/wp\/v2\/tags?post=5513"}],"curies":[{"name":"wp","href":"https:\/\/api.w.org\/{rel}","templated":true}]}}