{"id":55168,"date":"2025-12-31T08:45:05","date_gmt":"2025-12-31T08:45:05","guid":{"rendered":"https:\/\/247stiri.ro\/index.php\/2025\/12\/31\/noaptea-ca-hotii-proiectul-controversat-aprobat-de-guvernul-bolojan-bolnavii-pusi-sa-isi-plateasca-singuri-o-zi-din-concediile-medicale\/"},"modified":"2025-12-31T08:45:05","modified_gmt":"2025-12-31T08:45:05","slug":"noaptea-ca-hotii-proiectul-controversat-aprobat-de-guvernul-bolojan-bolnavii-pusi-sa-isi-plateasca-singuri-o-zi-din-concediile-medicale","status":"publish","type":"post","link":"https:\/\/247stiri.ro\/index.php\/2025\/12\/31\/noaptea-ca-hotii-proiectul-controversat-aprobat-de-guvernul-bolojan-bolnavii-pusi-sa-isi-plateasca-singuri-o-zi-din-concediile-medicale\/","title":{"rendered":"Noaptea, ca ho\u021bii: proiectul controversat aprobat de Guvernul Bolojan. Bolnavii pu\u0219i s\u0103 \u00ee\u0219i pl\u0103teasc\u0103 singuri o zi din concediile medicale"},"content":{"rendered":"<p>Timp de doi ani, \u00eencep\u00e2nd din luna februarie, rom\u00e2nii vor fi obliga\u021bi s\u0103-\u0219i pl\u0103teasc\u0103 din propriile buzunare prima zi din concediul medical. Angajatorul va pl\u0103ti \u00eencep\u00e2nd din ziua a doua \u0219i p\u00e2n\u0103 \u00een ziua a \u0219asea de concediu medical, iar abia din ziua a \u0219aptea de concediu se implic\u0103 \u0219i statul, \u0219i plata va fi f\u0103cut\u0103 de CNAS.<\/p>\n<p>Motivul invocat de Guvern pentru adoptarea acestei ordonan\u021be este acela c\u0103 este deficit bugetar \u00een momentul de fa\u021b\u0103 la CNAS \u0219i, deci, este nevoie de mai mul\u021bi bani. Era nevoie de o reducere de cheltuieli, asta de\u0219i rom\u00e2nii contribuie lunar cu 10% din salariu la bugetul CNAS.<\/p>\n<p>\u00cen plus, proiectul vine \u0219i cu controale mai stricte la medicii de familie pentru a se asigura statul c\u0103 concediile medicale sunt acordate legal, iar \u00een cazul \u00een care se observ\u0103 nereguli, atunci se introduc \u0219i sanc\u021biuni dure.<\/p>\n<p>\u00cen plus, \u0219i angajatorii vor putea s\u0103 semnaleze statului dac\u0103, spre exemplu, un angajat \u0219i-a luat concediu medical, dar apoi posteaz\u0103 pe re\u021belele de socializare fotografii din vacan\u021b\u0103.<\/p>\n<p>Ordonan\u021ba a fost adoptat\u0103 mar\u021bi sear\u0103, t\u00e2rziu, \u00een ultima \u0219edin\u021b\u0103 de guvern din an, o \u0219edin\u021b\u0103 pentru care ordinea de zi a fost publicat\u0103 cu doar un minut \u00eenainte.<\/p>","protected":false},"excerpt":{"rendered":"<p>Timp de doi ani, \u00eencep\u00e2nd din luna februarie, rom\u00e2nii vor fi obliga\u021bi s\u0103-\u0219i pl\u0103teasc\u0103 din&hellip;<\/p>\n","protected":false},"author":0,"featured_media":55163,"comment_status":"open","ping_status":"open","sticky":false,"template":"","format":"standard","meta":{"footnotes":""},"categories":[2],"tags":[],"class_list":["post-55168","post","type-post","status-publish","format-standard","has-post-thumbnail","hentry","category-actual"],"_links":{"self":[{"href":"https:\/\/247stiri.ro\/index.php\/wp-json\/wp\/v2\/posts\/55168","targetHints":{"allow":["GET"]}}],"collection":[{"href":"https:\/\/247stiri.ro\/index.php\/wp-json\/wp\/v2\/posts"}],"about":[{"href":"https:\/\/247stiri.ro\/index.php\/wp-json\/wp\/v2\/types\/post"}],"replies":[{"embeddable":true,"href":"https:\/\/247stiri.ro\/index.php\/wp-json\/wp\/v2\/comments?post=55168"}],"version-history":[{"count":0,"href":"https:\/\/247stiri.ro\/index.php\/wp-json\/wp\/v2\/posts\/55168\/revisions"}],"wp:featuredmedia":[{"embeddable":true,"href":"https:\/\/247stiri.ro\/index.php\/wp-json\/wp\/v2\/media\/55163"}],"wp:attachment":[{"href":"https:\/\/247stiri.ro\/index.php\/wp-json\/wp\/v2\/media?parent=55168"}],"wp:term":[{"taxonomy":"category","embeddable":true,"href":"https:\/\/247stiri.ro\/index.php\/wp-json\/wp\/v2\/categories?post=55168"},{"taxonomy":"post_tag","embeddable":true,"href":"https:\/\/247stiri.ro\/index.php\/wp-json\/wp\/v2\/tags?post=55168"}],"curies":[{"name":"wp","href":"https:\/\/api.w.org\/{rel}","templated":true}]}}