{"id":55169,"date":"2025-12-31T08:45:06","date_gmt":"2025-12-31T08:45:06","guid":{"rendered":"https:\/\/247stiri.ro\/index.php\/2025\/12\/31\/sfarsit-tragic-la-final-de-an-pentru-doi-barbati-dupa-ce-autoutilitara-cu-care-circulau-pe-un-drum-forestier-s-a-rasturnat-intr-o-rapa\/"},"modified":"2025-12-31T08:45:06","modified_gmt":"2025-12-31T08:45:06","slug":"sfarsit-tragic-la-final-de-an-pentru-doi-barbati-dupa-ce-autoutilitara-cu-care-circulau-pe-un-drum-forestier-s-a-rasturnat-intr-o-rapa","status":"publish","type":"post","link":"https:\/\/247stiri.ro\/index.php\/2025\/12\/31\/sfarsit-tragic-la-final-de-an-pentru-doi-barbati-dupa-ce-autoutilitara-cu-care-circulau-pe-un-drum-forestier-s-a-rasturnat-intr-o-rapa\/","title":{"rendered":"Sf\u00e2r\u0219it tragic la final de an pentru doi b\u0103rba\u0163i, dup\u0103 ce autoutilitara cu care circulau pe un drum forestier s-a r\u0103sturnat \u00eentr-o r\u00e2p\u0103"},"content":{"rendered":"<p>\u201dAsear\u0103, \u00een jurul orei 21:30, poli\u0163i\u015ftii din cadrul Inspectoratului de Poli\u0163ie Jude\u0163ean Sibiu au fost sesiza\u0163i prin apel 112, de c\u0103tre un b\u0103rbat cu privire la faptul c\u0103 dou\u0103 persoane ar fi c\u0103zut \u00eentr-o r\u00e2p\u0103 din zona Valea Arpa\u015fu Mare\u201d, anun\u0163\u0103 miercuri IPJ Sibiu.<\/p>\n<p>Conform poli\u0163i\u015ftilor, \u201do autoutilitar\u0103 de transport lemne, care se deplasa pe un drum forestier, din cauze care urmeaz\u0103 a se stabili, a c\u0103zut \u00eentr-o r\u00e2p\u0103 de aproximativ 120 m\u201d.\u00a0La fa\u0163a locului au fost g\u0103si\u0163i doi b\u0103rba\u0163i deceda\u0163i, \u00een v\u00e2rst\u0103 de 46 \u015fi 57 de ani din Arpa\u015fu de Jos.\u00a0\u201dPoli\u0163i\u015ftii efectueaz\u0103 verific\u0103ri \u00een vederea stabilirii \u00eemprejur\u0103rilor \u00een care s-a produs evenimentul, \u00een cauz\u0103 fiind deschis un dosar pernal sub aspectul s\u0103v\u00e2r\u015firii infrac\u0163iunilor de ucidere din culp\u0103 \u015fi nerespectarea m\u0103surilor legale de securitate \u015fi s\u0103n\u0103tate \u00een munc\u0103\u201d, precizeaz\u0103 sursa citat\u0103.<a href=\"https:\/\/www.realitatea.net\/stiri\/politica\/tupeu-incredibil-bolojan-fuge-de-explicatii-si-la-final-de-an-romanii-raman-impovarati-de-masurile-luate_6954d242e4647832357084e2\" target=\"_blank\">Tupeu incredibil! Bolojan fuge de explica\u021bii \u0219i la final de an: rom\u00e2nii r\u0103m\u00e2n \u00eempov\u0103ra\u021bi de m\u0103surile luate<\/a><\/p>","protected":false},"excerpt":{"rendered":"<p>\u201dAsear\u0103, \u00een jurul orei 21:30, poli\u0163i\u015ftii din cadrul Inspectoratului de Poli\u0163ie Jude\u0163ean Sibiu au fost&hellip;<\/p>\n","protected":false},"author":0,"featured_media":55170,"comment_status":"open","ping_status":"open","sticky":false,"template":"","format":"standard","meta":{"footnotes":""},"categories":[2],"tags":[],"class_list":["post-55169","post","type-post","status-publish","format-standard","has-post-thumbnail","hentry","category-actual"],"_links":{"self":[{"href":"https:\/\/247stiri.ro\/index.php\/wp-json\/wp\/v2\/posts\/55169","targetHints":{"allow":["GET"]}}],"collection":[{"href":"https:\/\/247stiri.ro\/index.php\/wp-json\/wp\/v2\/posts"}],"about":[{"href":"https:\/\/247stiri.ro\/index.php\/wp-json\/wp\/v2\/types\/post"}],"replies":[{"embeddable":true,"href":"https:\/\/247stiri.ro\/index.php\/wp-json\/wp\/v2\/comments?post=55169"}],"version-history":[{"count":0,"href":"https:\/\/247stiri.ro\/index.php\/wp-json\/wp\/v2\/posts\/55169\/revisions"}],"wp:featuredmedia":[{"embeddable":true,"href":"https:\/\/247stiri.ro\/index.php\/wp-json\/wp\/v2\/media\/55170"}],"wp:attachment":[{"href":"https:\/\/247stiri.ro\/index.php\/wp-json\/wp\/v2\/media?parent=55169"}],"wp:term":[{"taxonomy":"category","embeddable":true,"href":"https:\/\/247stiri.ro\/index.php\/wp-json\/wp\/v2\/categories?post=55169"},{"taxonomy":"post_tag","embeddable":true,"href":"https:\/\/247stiri.ro\/index.php\/wp-json\/wp\/v2\/tags?post=55169"}],"curies":[{"name":"wp","href":"https:\/\/api.w.org\/{rel}","templated":true}]}}