{"id":55178,"date":"2025-12-31T09:44:49","date_gmt":"2025-12-31T09:44:49","guid":{"rendered":"https:\/\/247stiri.ro\/index.php\/2025\/12\/31\/sapte-persoane-urmarite-international-aduse-in-tara-de-politisti-printre-ele-si-capcaunul-din-iasi\/"},"modified":"2025-12-31T09:44:49","modified_gmt":"2025-12-31T09:44:49","slug":"sapte-persoane-urmarite-international-aduse-in-tara-de-politisti-printre-ele-si-capcaunul-din-iasi","status":"publish","type":"post","link":"https:\/\/247stiri.ro\/index.php\/2025\/12\/31\/sapte-persoane-urmarite-international-aduse-in-tara-de-politisti-printre-ele-si-capcaunul-din-iasi\/","title":{"rendered":"\u015eapte persoane urm\u0103rite interna\u0163ional, aduse \u00een \u0163ar\u0103 de poli\u0163i\u015fti. Printre ele \u0219i \u201eC\u0103pc\u0103unul\u201d din Ia\u015fi"},"content":{"rendered":"<p>Reprezentan\u0163ii Poli\u0163iei Rom\u00e2ne au anun\u0163at, miercuri, c\u0103 \u00een primele zile din aceast\u0103 s\u0103pt\u0103m\u00e2n\u0103 au fost aduse \u00een \u0163ar\u0103 \u015fapte persoane pe numele c\u0103rora fuseser\u0103 emise mandate de executare a unor pedepse privative de libertate sau mandate de arestare preventiv\u0103.\u00a0<\/p>\n<p>Astfel, la data de 29 decembrie, a fost adus \u00een \u0163ar\u0103 un b\u0103rbat, de 44 de ani, din Ia\u015fi, urm\u0103rit interna\u0163ional pentru s\u0103v\u00e2r\u015firea infrac\u0163iunilor de constituire a unui grup infrac\u0163ional organizat, trafic de migran\u0163i, trafic de persoane, contraband\u0103, instigare la furt calificat \u015fi favorizarea f\u0103ptuitorului. \u00a0Este vorba despre Marian Plugaru Chiril\u0103, poreclit \u201dC\u0103pc\u0103unul\u201d. El are tatuat pe zona abdominal\u0103 cuvintele \u201dLong vehicul\u201d, iar pe scalp deasupra urechii st\u00e2ngi, CNP-ul propriu. Acesta a fost adus din Fran\u0163a, av\u00e2nd emis pe numele s\u0103u, de c\u0103tre Tribunalul Ia\u015fi, un mandat de executare a pedepsei cu \u00eenchisoarea de 12 ani.<\/p>\n<p>De asemenea, la data de 30 decembrie, a fost adus\u0103 \u00een \u0163ar\u0103 o femeie, de 47 de ani, din Gorj, urm\u0103rit\u0103 interna\u0163ional din categoria most wanted, pentru s\u0103v\u00e2r\u015firea infrac\u0163iunilor de trafic de minori, trafic de persoane, proxenetism \u015fi constituire a unui grup infrac\u0163ional organizat. Aceasta a fost adus\u0103 din Marea Britanie, av\u00e2nd emis pe numele s\u0103u, de c\u0103tre Tribunalul Gorj, un mandat de executare a pedepsei cu \u00eenchisoarea de 15 ani \u015fi 8 luni.\u00a0<\/p>\n<p>Poli\u0163i\u015ftii au mai adus \u00een \u0163ar\u0103 un b\u0103rbat de 31 de ani, din Ialomi\u0163a, urm\u0103rit interna\u0163ional pentru s\u0103v\u00e2r\u015firea de infrac\u0163iuni la regimul rutier \u015fi regimul fiscal. Acesta a fost adus din Germania, av\u00e2nd emis pe numele s\u0103u, de c\u0103tre Judec\u0103toria Constan\u0163a, un mandat de executare a pedepsei cu \u00eenchisoarea de 3 ani, o lun\u0103 \u015fi 20 de zile.<\/p>\n<p>De asemenea, un alt b\u0103rbat capturat are 26 de ani \u015fi este Arge\u015f, fiind dat \u00een urm\u0103rire interna\u0163ional\u0103 pentru infrac\u0163iuni rutiere. El a fost adus din Spania, av\u00e2nd emis pe numele s\u0103u, de c\u0103tre Judec\u0103toria Constan\u0163a, un mandat de executare a pedepsei cu \u00eenchisoarea de un an.<\/p>\n<p>Totodat\u0103, o alt\u0103 femeie din jude\u0163ul Gorj, de 32 de ani, urm\u0103rit\u0103 interna\u0163ional pentru s\u0103v\u00e2r\u015firea infrac\u0163iunilor de trafic de minori, trafic de persoane \u015fi constituire a unui grup infrac\u0163ional organizat, a fost adus\u0103 din Marea Britanie. Pe numele s\u0103u era emis un mandat executare a pedepsei cu \u00eenchisoarea de 15 ani \u015fi 8 luni.<\/p>\n<p>Poli\u0163i\u015ftii au adus \u00een \u0163ar\u0103 \u015fi dou\u0103 persoane pe numele c\u0103rora fuseser\u0103 emise mandate de arestare preventiv\u0103. Este vorba de un b\u0103rbat de 29 de ani, din Olt, urm\u0103rit interna\u0163ional pentru proxenetism \u015fi adus din Italia \u015fi de un b\u0103rbat de 23 de ani, din Ia\u015fi, urm\u0103rit interna\u0163ional pentru trafic de droguri \u015fi adus din Spania.\u00a0<\/p>\n<p>To\u021bi cei adu\u0219i \u00een \u0163ar\u0103 au fost du\u0219i la \u00eenchisoare pentru a-\u0219i isp\u0103\u0219i condamn\u0103rile.<\/p>","protected":false},"excerpt":{"rendered":"<p>Reprezentan\u0163ii Poli\u0163iei Rom\u00e2ne au anun\u0163at, miercuri, c\u0103 \u00een primele zile din aceast\u0103 s\u0103pt\u0103m\u00e2n\u0103 au fost&hellip;<\/p>\n","protected":false},"author":0,"featured_media":55179,"comment_status":"open","ping_status":"open","sticky":false,"template":"","format":"standard","meta":{"footnotes":""},"categories":[2],"tags":[],"class_list":["post-55178","post","type-post","status-publish","format-standard","has-post-thumbnail","hentry","category-actual"],"_links":{"self":[{"href":"https:\/\/247stiri.ro\/index.php\/wp-json\/wp\/v2\/posts\/55178","targetHints":{"allow":["GET"]}}],"collection":[{"href":"https:\/\/247stiri.ro\/index.php\/wp-json\/wp\/v2\/posts"}],"about":[{"href":"https:\/\/247stiri.ro\/index.php\/wp-json\/wp\/v2\/types\/post"}],"replies":[{"embeddable":true,"href":"https:\/\/247stiri.ro\/index.php\/wp-json\/wp\/v2\/comments?post=55178"}],"version-history":[{"count":0,"href":"https:\/\/247stiri.ro\/index.php\/wp-json\/wp\/v2\/posts\/55178\/revisions"}],"wp:featuredmedia":[{"embeddable":true,"href":"https:\/\/247stiri.ro\/index.php\/wp-json\/wp\/v2\/media\/55179"}],"wp:attachment":[{"href":"https:\/\/247stiri.ro\/index.php\/wp-json\/wp\/v2\/media?parent=55178"}],"wp:term":[{"taxonomy":"category","embeddable":true,"href":"https:\/\/247stiri.ro\/index.php\/wp-json\/wp\/v2\/categories?post=55178"},{"taxonomy":"post_tag","embeddable":true,"href":"https:\/\/247stiri.ro\/index.php\/wp-json\/wp\/v2\/tags?post=55178"}],"curies":[{"name":"wp","href":"https:\/\/api.w.org\/{rel}","templated":true}]}}