{"id":55187,"date":"2025-12-31T11:44:52","date_gmt":"2025-12-31T11:44:52","guid":{"rendered":"https:\/\/247stiri.ro\/index.php\/2025\/12\/31\/sezonul-de-schi-incepe-in-poiana-brasov-partiile-din-postavaru-se-deschid-pe-2-ianuarie\/"},"modified":"2025-12-31T11:44:52","modified_gmt":"2025-12-31T11:44:52","slug":"sezonul-de-schi-incepe-in-poiana-brasov-partiile-din-postavaru-se-deschid-pe-2-ianuarie","status":"publish","type":"post","link":"https:\/\/247stiri.ro\/index.php\/2025\/12\/31\/sezonul-de-schi-incepe-in-poiana-brasov-partiile-din-postavaru-se-deschid-pe-2-ianuarie\/","title":{"rendered":"Sezonul de schi \u00eencepe \u00een Poiana Bra\u0219ov! P\u00e2rtiile din Post\u0103varu se deschid pe 2 ianuarie"},"content":{"rendered":"<p>Se va putea schia \u00een zona superioar\u0103 a p\u00e2rtiilor Lupului \u015fi Drumul Ro\u015fu, cu ie\u015fire spre sta\u0163ia telescaunului Ruia (telescaunul de 6 locuri), precum \u015fi pe p\u00e2rtiile Kanzel \u015fi Doamnei, cu ie\u015fire \u00een Drumul Ro\u015fu, apoi c\u0103tre telescaunul Ruia, cu excep\u0163ia p\u00e2rtiei Ruia, precum \u015fi pe cele dou\u0103 p\u00e2rtii pentru \u00eencep\u0103tori, Bradul \u015fi Stadion, deschise mar\u0163i.\u00a0Totodat\u0103, vor circula Telegondola, Telecabina Capra Neagr\u0103, Telescaun Ruia, Teleschiurile Stadion \u015fi Bradul.\u00a0\u00a0Viceprimarul Dan Ghi\u0163\u0103 a precizat c\u0103, \u00een prezent, cea mai mare parte a z\u0103pezii de pe p\u00e2rtii este artificial\u0103 \u015fi, \u00een acela\u015fi timp, a transmis tuturor celor care vor dori s\u0103 urce \u00een Poiana Bra\u015fov s\u0103 foloseasc\u0103 transportul \u00een comun, toate cele trei linii \u2013 una de la Gar\u0103, alta din centrul istoric \u015fi a treia din Poiana Mic\u0103 \u2013 fiind operate cu autobuze ale RATBV.\u00a0\u201eA fost un efort considerabil (s\u0103 amenaj\u0103m p\u00e2rtiile \u2013 n.r.) mai ales c\u0103 temperaturile \u015fi, apoi, v\u00e2ntul puternic nu ne-au ajutat foarte mult, a\u015fa c\u0103 a trebuit s\u0103 profit\u0103m de fiecare moment propice pentru a produce z\u0103pad\u0103. \u00cen acest moment, cea mai mare parte a z\u0103pezii de pe p\u00e2rtii este artificial\u0103. (\u2026) Vre\u0163i s\u0103 v\u0103 bucura\u0163i din plin de schi, f\u0103r\u0103 niciun stres, folosi\u0163i liniile de transport \u00een comun cu mare, mare \u00eencredere. \u00cen primul r\u00e2nd linia 60, de la parcarea din Poiana Mic\u0103 \u015fi p\u00e2n\u0103 la telegondol\u0103. De asemenea, linia 20 din Livada Po\u015ftei \u015fi p\u00e2n\u0103 \u00een Poiana Bra\u015fov, \u00een parcarea mare \u015fi linia 100 de la Gar\u0103 p\u00e2n\u0103 \u00een Poiana Bra\u015fov\u201d, a declarat viceprimarul Dan Ghi\u0163\u0103.\u00a0Potrivit unei inform\u0103ri transmis\u0103 de Prim\u0103ria Bra\u015fov, p\u00e2n\u0103 \u00een prezent au fost produse, din 14 decembrie, peste 110.000 de metri cubi de z\u0103pad\u0103 artificial\u0103. Conform estim\u0103rilor operatorului care amenajeaz\u0103 p\u00e2rtiilor, \u00een urm\u0103toarele zile, stratul de z\u0103pad\u0103 b\u0103tut\u0103 va fi cuprins \u00eentre 30 \u015fi 40 de centimetri<\/p>","protected":false},"excerpt":{"rendered":"<p>Se va putea schia \u00een zona superioar\u0103 a p\u00e2rtiilor Lupului \u015fi Drumul Ro\u015fu, cu ie\u015fire&hellip;<\/p>\n","protected":false},"author":0,"featured_media":55188,"comment_status":"open","ping_status":"open","sticky":false,"template":"","format":"standard","meta":{"footnotes":""},"categories":[2],"tags":[],"class_list":["post-55187","post","type-post","status-publish","format-standard","has-post-thumbnail","hentry","category-actual"],"_links":{"self":[{"href":"https:\/\/247stiri.ro\/index.php\/wp-json\/wp\/v2\/posts\/55187","targetHints":{"allow":["GET"]}}],"collection":[{"href":"https:\/\/247stiri.ro\/index.php\/wp-json\/wp\/v2\/posts"}],"about":[{"href":"https:\/\/247stiri.ro\/index.php\/wp-json\/wp\/v2\/types\/post"}],"replies":[{"embeddable":true,"href":"https:\/\/247stiri.ro\/index.php\/wp-json\/wp\/v2\/comments?post=55187"}],"version-history":[{"count":0,"href":"https:\/\/247stiri.ro\/index.php\/wp-json\/wp\/v2\/posts\/55187\/revisions"}],"wp:featuredmedia":[{"embeddable":true,"href":"https:\/\/247stiri.ro\/index.php\/wp-json\/wp\/v2\/media\/55188"}],"wp:attachment":[{"href":"https:\/\/247stiri.ro\/index.php\/wp-json\/wp\/v2\/media?parent=55187"}],"wp:term":[{"taxonomy":"category","embeddable":true,"href":"https:\/\/247stiri.ro\/index.php\/wp-json\/wp\/v2\/categories?post=55187"},{"taxonomy":"post_tag","embeddable":true,"href":"https:\/\/247stiri.ro\/index.php\/wp-json\/wp\/v2\/tags?post=55187"}],"curies":[{"name":"wp","href":"https:\/\/api.w.org\/{rel}","templated":true}]}}