{"id":55189,"date":"2025-12-31T11:44:53","date_gmt":"2025-12-31T11:44:53","guid":{"rendered":"https:\/\/247stiri.ro\/index.php\/2025\/12\/31\/ue-avertizeaza-israelul-ca-suspendarea-ong-urilor-din-fasia-gaza-va-impiedica-furnizarea-de-ajutoare-vitale\/"},"modified":"2025-12-31T11:44:53","modified_gmt":"2025-12-31T11:44:53","slug":"ue-avertizeaza-israelul-ca-suspendarea-ong-urilor-din-fasia-gaza-va-impiedica-furnizarea-de-ajutoare-vitale","status":"publish","type":"post","link":"https:\/\/247stiri.ro\/index.php\/2025\/12\/31\/ue-avertizeaza-israelul-ca-suspendarea-ong-urilor-din-fasia-gaza-va-impiedica-furnizarea-de-ajutoare-vitale\/","title":{"rendered":"UE avertizeaz\u0103 Israelul c\u0103 suspendarea ONG-urilor din F\u00e2\u0219ia Gaza va \u00eempiedica furnizarea de ajutoare vitale"},"content":{"rendered":"<p>&#8222;UE a fost clar\u0103: legea privind \u00eenregistrarea ONG-urilor nu poate fi aplicat\u0103 \u00een forma sa actual\u0103&#8221;&#8221;, a scris comisarul european Hadja Lahbib pe contul s\u0103u pe re\u021beaua <a href=\"https:\/\/x.com\/hadjalahbib\/status\/2006285262041813195\" target=\"_blank\">X<\/a>.&#8221;Toate obstacolele \u00een calea accesului (ajutorului) umanitar trebuie eliminate&#8221;, a ad\u0103ugat ea, conform Agerpres.<\/p>\n<p>Potrivit unui comunicat de mar\u021bi al Ministerului israelian al Diasporei \u0219i al Luptei \u00eempotriva Antisemitismului, organiza\u021biile care au&#8221;refuzat s\u0103 transmit\u0103 lista cu angaja\u021bii lor palestinieni, cu scopul de a exclude orice leg\u0103tur\u0103 cu terorismul, \u00ee\u0219i vor vedea licen\u021bele anulate \u00eencep\u00e2nd de la 1 ianuarie&#8221;. Organiza\u021biile vizate &#8222;vor trebui s\u0103-\u0219i \u00eenceteze orice activitate p\u00e2n\u0103 la 1 martie 2026&#8221;, precizeaz\u0103 institu\u021bia citat\u0103. Documentul acuz\u0103 doi membri ai M\u00e9decins Sans Frontieres (MSF) de &#8222;leg\u0103turi cu organiza\u021bii teroriste&#8221;<\/p>\n<p><a href=\"https:\/\/www.realitatea.net\/stiri\/actual\/sapte-persoane-urmarite-international-aduse-in-tara-de-politisti-printre-ele-si-capcaunul-din-iasi_6954e452c85c6f40320f1742\" target=\"_blank\">\u015eapte persoane urm\u0103rite interna\u0163ional, aduse \u00een \u0163ar\u0103 de poli\u0163i\u015fti. Printre ele \u0219i \u201eC\u0103pc\u0103unul\u201d din Ia\u015fi<\/a><\/p>\n<p>\u00a0<\/p>","protected":false},"excerpt":{"rendered":"<p>&#8222;UE a fost clar\u0103: legea privind \u00eenregistrarea ONG-urilor nu poate fi aplicat\u0103 \u00een forma sa&hellip;<\/p>\n","protected":false},"author":0,"featured_media":55186,"comment_status":"open","ping_status":"open","sticky":false,"template":"","format":"standard","meta":{"footnotes":""},"categories":[2],"tags":[],"class_list":["post-55189","post","type-post","status-publish","format-standard","has-post-thumbnail","hentry","category-actual"],"_links":{"self":[{"href":"https:\/\/247stiri.ro\/index.php\/wp-json\/wp\/v2\/posts\/55189","targetHints":{"allow":["GET"]}}],"collection":[{"href":"https:\/\/247stiri.ro\/index.php\/wp-json\/wp\/v2\/posts"}],"about":[{"href":"https:\/\/247stiri.ro\/index.php\/wp-json\/wp\/v2\/types\/post"}],"replies":[{"embeddable":true,"href":"https:\/\/247stiri.ro\/index.php\/wp-json\/wp\/v2\/comments?post=55189"}],"version-history":[{"count":0,"href":"https:\/\/247stiri.ro\/index.php\/wp-json\/wp\/v2\/posts\/55189\/revisions"}],"wp:featuredmedia":[{"embeddable":true,"href":"https:\/\/247stiri.ro\/index.php\/wp-json\/wp\/v2\/media\/55186"}],"wp:attachment":[{"href":"https:\/\/247stiri.ro\/index.php\/wp-json\/wp\/v2\/media?parent=55189"}],"wp:term":[{"taxonomy":"category","embeddable":true,"href":"https:\/\/247stiri.ro\/index.php\/wp-json\/wp\/v2\/categories?post=55189"},{"taxonomy":"post_tag","embeddable":true,"href":"https:\/\/247stiri.ro\/index.php\/wp-json\/wp\/v2\/tags?post=55189"}],"curies":[{"name":"wp","href":"https:\/\/api.w.org\/{rel}","templated":true}]}}