{"id":55202,"date":"2025-12-31T12:45:27","date_gmt":"2025-12-31T12:45:27","guid":{"rendered":"https:\/\/247stiri.ro\/index.php\/2025\/12\/31\/bolojan-sub-tirul-criticilor-lumea-artistica-denunta-masacrul-cultural-din-noile-planuri-de-austeritate\/"},"modified":"2025-12-31T12:45:27","modified_gmt":"2025-12-31T12:45:27","slug":"bolojan-sub-tirul-criticilor-lumea-artistica-denunta-masacrul-cultural-din-noile-planuri-de-austeritate","status":"publish","type":"post","link":"https:\/\/247stiri.ro\/index.php\/2025\/12\/31\/bolojan-sub-tirul-criticilor-lumea-artistica-denunta-masacrul-cultural-din-noile-planuri-de-austeritate\/","title":{"rendered":"Bolojan sub tirul criticilor. Lumea artistic\u0103 denun\u021b\u0103 \u201emasacrul cultural\u201d din noile planuri de austeritate"},"content":{"rendered":"<p>Politica de austeritate promovat\u0103 de Ilie Bolojan \u00eencepe s\u0103 erodeze capitalul de sus\u021binere de care acesta se bucura, declan\u0219\u00e2nd o revolt\u0103 f\u0103r\u0103 precedent \u00een r\u00e2ndul comunit\u0103\u021bii artistice din Rom\u00e2nia.<\/p>\n<p>Tensiunile au fost alimentate de un proiect de Ordonan\u021b\u0103 de Urgen\u021b\u0103 care propune modificarea Legii dreptului de autor, m\u0103sur\u0103 despre care arti\u0219tii sus\u021bin c\u0103 le va diminua direct veniturile \u0219i le va afecta drepturile patrimoniale.<\/p>\n<p>\u00cen acest context, un grup extins de creatori a transmis o scrisoare deschis\u0103 premierului, solicit\u00e2nd retragerea imediat\u0103 a prevederilor considerate abuzive.<\/p>\n<p>Printre semnatarii documentului se afl\u0103 figuri publice care, p\u00e2n\u0103 de cur\u00e2nd, au fost voci proeminente \u00een sus\u021binerea unor lideri precum Ilie Bolojan sau Nicu\u0219or Dan, cel mai vocal fiind Tudor Chiril\u0103. Al\u0103turi de acesta, arti\u0219ti de renume precum Irina Rimes, Dan Bittman, Damian Dr\u0103ghici \u0219i Loredana Groza acuz\u0103 executivul c\u0103 sacrific\u0103 drepturile fundamentale ale autorilor \u00een numele unor reforme financiare discutabile.<\/p>\n<p>Semnatarii subliniaz\u0103 c\u0103 noua legisla\u021bie ar putea duce la pierderi materiale semnificative pentru to\u021bi cei care activeaz\u0103 \u00een sectoarele creative, transform\u00e2nd sus\u021binerea lor anterioar\u0103 \u00eentr-o critic\u0103 dur\u0103 la adresa noilor direc\u021bii guvernamentale.<\/p>","protected":false},"excerpt":{"rendered":"<p>Politica de austeritate promovat\u0103 de Ilie Bolojan \u00eencepe s\u0103 erodeze capitalul de sus\u021binere de care&hellip;<\/p>\n","protected":false},"author":0,"featured_media":55195,"comment_status":"open","ping_status":"open","sticky":false,"template":"","format":"standard","meta":{"footnotes":""},"categories":[2],"tags":[],"class_list":["post-55202","post","type-post","status-publish","format-standard","has-post-thumbnail","hentry","category-actual"],"_links":{"self":[{"href":"https:\/\/247stiri.ro\/index.php\/wp-json\/wp\/v2\/posts\/55202","targetHints":{"allow":["GET"]}}],"collection":[{"href":"https:\/\/247stiri.ro\/index.php\/wp-json\/wp\/v2\/posts"}],"about":[{"href":"https:\/\/247stiri.ro\/index.php\/wp-json\/wp\/v2\/types\/post"}],"replies":[{"embeddable":true,"href":"https:\/\/247stiri.ro\/index.php\/wp-json\/wp\/v2\/comments?post=55202"}],"version-history":[{"count":0,"href":"https:\/\/247stiri.ro\/index.php\/wp-json\/wp\/v2\/posts\/55202\/revisions"}],"wp:featuredmedia":[{"embeddable":true,"href":"https:\/\/247stiri.ro\/index.php\/wp-json\/wp\/v2\/media\/55195"}],"wp:attachment":[{"href":"https:\/\/247stiri.ro\/index.php\/wp-json\/wp\/v2\/media?parent=55202"}],"wp:term":[{"taxonomy":"category","embeddable":true,"href":"https:\/\/247stiri.ro\/index.php\/wp-json\/wp\/v2\/categories?post=55202"},{"taxonomy":"post_tag","embeddable":true,"href":"https:\/\/247stiri.ro\/index.php\/wp-json\/wp\/v2\/tags?post=55202"}],"curies":[{"name":"wp","href":"https:\/\/api.w.org\/{rel}","templated":true}]}}