{"id":55217,"date":"2025-12-31T13:46:26","date_gmt":"2025-12-31T13:46:26","guid":{"rendered":"https:\/\/247stiri.ro\/index.php\/2025\/12\/31\/doliu-pentru-elena-lasconi-a-murit-unul-dintre-cei-mai-apropiati-oameni-ai-sai-imi-lipsesti-aline\/"},"modified":"2025-12-31T13:46:26","modified_gmt":"2025-12-31T13:46:26","slug":"doliu-pentru-elena-lasconi-a-murit-unul-dintre-cei-mai-apropiati-oameni-ai-sai-imi-lipsesti-aline","status":"publish","type":"post","link":"https:\/\/247stiri.ro\/index.php\/2025\/12\/31\/doliu-pentru-elena-lasconi-a-murit-unul-dintre-cei-mai-apropiati-oameni-ai-sai-imi-lipsesti-aline\/","title":{"rendered":"Doliu pentru Elena Lasconi. A murit unul dintre cei mai apropia\u021bi oameni ai s\u0103i: \u201e\u00cemi lipse\u0219ti Aline!\u201d"},"content":{"rendered":"<p>Ultima zi a anului 2025 aduce o veste \u00eendurerat\u0103 pentru comunitatea din C\u00e2mpulung, odat\u0103 cu vestea trecerii \u00een nefiin\u021b\u0103 a viceprimarului Alin Vl\u0103d\u0103u. Dispari\u021bia sa prematur\u0103 las\u0103 un gol imens \u00een administra\u021bia local\u0103 \u0219i vine dup\u0103 o lupt\u0103 grea, \u00eenceput\u0103 la \u00eenceputul lunii noiembrie, c\u00e2nd acesta a suferit un accident vascular cerebral sever. De\u0219i a fost transportat de urgen\u021b\u0103 la o clinic\u0103 din Bucure\u0219ti \u0219i a beneficiat de o interven\u021bie chirurgical\u0103 complex\u0103, starea sa a r\u0103mas critic\u0103, iar organismul nu a mai reu\u0219it s\u0103 dep\u0103\u0219easc\u0103 aceast\u0103 \u00eencercare, \u00een ciuda eforturilor sus\u021binute ale medicilor.<\/p>\n<p>Vestea a fost primit\u0103 cu mult\u0103 triste\u021be de primarul Elena Lasconi, care a transmis un mesaj emo\u021bionant, m\u0103rturisind c\u00e2t de dificil este s\u0103 \u00ee\u0219i ia r\u0103mas bun de la un coleg at\u00e2t de apropiat. Pe parcursul s\u0103pt\u0103m\u00e2nilor de suferin\u021b\u0103, ora\u0219ul s-a unit \u00eentr-un val impresionant de solidaritate, nenum\u0103rate mesaje de sus\u021binere \u0219i apeluri la rug\u0103ciune venind din partea cet\u0103\u021benilor, a colegilor din prim\u0103rie \u0219i a reprezentan\u021bilor bisericii. Alin Vl\u0103d\u0103u va r\u0103m\u00e2ne \u00een memoria localnicilor ca un om dedicat, implicat activ \u00een via\u021ba urbei \u0219i mereu atent la nevoile cet\u0103\u021benilor, moartea sa marc\u00e2nd un final de an marcat de reculegere pentru \u00eentregul municipiu.<\/p>\n<p>\u201eAlin, dragul nostru prieten s-a dus la \u00eengeri.\u00cemi este at\u00e2t de greu s\u0103 scriu aceste r\u00e2nduri&#8230; \u00cemi lipse\u0219ti Aline! \u00cemi lipsesc agita\u021bia ta, felul cum voiai s\u0103 le rezolvi tu pe toate, glumele tale, cafeaua cu tine&#8230;Nu pot s\u0103 \u00eemi imaginez ce este \u00een sufletul familiei. Suntem al\u0103turi de voi!\u00cen toat\u0103 agita\u021bia asta de sf\u00e2r\u0219it de an mul\u021bi sunt nemul\u021bumi\u021bi sau tri\u0219ti. S\u0103 nu uit\u0103m ast\u0103zi \u0219i \u00een fiecare zi c\u00e2t de pre\u021bioas\u0103 e via\u021ba. Care e mo\u0219tenirea pe care vrem s\u0103 o l\u0103s\u0103m \u00een urm\u0103? Alin a l\u0103sat \u00een urm\u0103 mult\u0103 iubire de semeni \u0219i asta e cel mai important lucru. S\u0103 treac\u0103 anul \u0103sta c\u00e2t mai repede! S\u0103 fi\u021bi mai buni unii cu al\u021bii \u00een anul care vine \u0219i s\u0103 v\u0103 iubi\u021bi!Te vom iubi mereu, Aline! Dumnezeu s\u0103 te ocroteasc\u0103!\u201d, a scris Elena Lasconi pe Facebook.<\/p>","protected":false},"excerpt":{"rendered":"<p>Ultima zi a anului 2025 aduce o veste \u00eendurerat\u0103 pentru comunitatea din C\u00e2mpulung, odat\u0103 cu&hellip;<\/p>\n","protected":false},"author":0,"featured_media":55216,"comment_status":"open","ping_status":"open","sticky":false,"template":"","format":"standard","meta":{"footnotes":""},"categories":[2],"tags":[],"class_list":["post-55217","post","type-post","status-publish","format-standard","has-post-thumbnail","hentry","category-actual"],"_links":{"self":[{"href":"https:\/\/247stiri.ro\/index.php\/wp-json\/wp\/v2\/posts\/55217","targetHints":{"allow":["GET"]}}],"collection":[{"href":"https:\/\/247stiri.ro\/index.php\/wp-json\/wp\/v2\/posts"}],"about":[{"href":"https:\/\/247stiri.ro\/index.php\/wp-json\/wp\/v2\/types\/post"}],"replies":[{"embeddable":true,"href":"https:\/\/247stiri.ro\/index.php\/wp-json\/wp\/v2\/comments?post=55217"}],"version-history":[{"count":0,"href":"https:\/\/247stiri.ro\/index.php\/wp-json\/wp\/v2\/posts\/55217\/revisions"}],"wp:featuredmedia":[{"embeddable":true,"href":"https:\/\/247stiri.ro\/index.php\/wp-json\/wp\/v2\/media\/55216"}],"wp:attachment":[{"href":"https:\/\/247stiri.ro\/index.php\/wp-json\/wp\/v2\/media?parent=55217"}],"wp:term":[{"taxonomy":"category","embeddable":true,"href":"https:\/\/247stiri.ro\/index.php\/wp-json\/wp\/v2\/categories?post=55217"},{"taxonomy":"post_tag","embeddable":true,"href":"https:\/\/247stiri.ro\/index.php\/wp-json\/wp\/v2\/tags?post=55217"}],"curies":[{"name":"wp","href":"https:\/\/api.w.org\/{rel}","templated":true}]}}