{"id":55219,"date":"2025-12-31T13:46:27","date_gmt":"2025-12-31T13:46:27","guid":{"rendered":"https:\/\/247stiri.ro\/index.php\/2025\/12\/31\/momente-de-cumpara-pentru-un-fotbalist-al-generatiei-de-aur-campion-mondial-a-fost-operat-de-urgenta-pe-inima\/"},"modified":"2025-12-31T13:46:27","modified_gmt":"2025-12-31T13:46:27","slug":"momente-de-cumpara-pentru-un-fotbalist-al-generatiei-de-aur-campion-mondial-a-fost-operat-de-urgenta-pe-inima","status":"publish","type":"post","link":"https:\/\/247stiri.ro\/index.php\/2025\/12\/31\/momente-de-cumpara-pentru-un-fotbalist-al-generatiei-de-aur-campion-mondial-a-fost-operat-de-urgenta-pe-inima\/","title":{"rendered":"Momente de cump\u0103r\u0103 pentru un fotbalist al genera\u021biei de aur, campion mondial. A fost operat de urgen\u021b\u0103 pe inim\u0103"},"content":{"rendered":"<p>Vacan\u021ba legendarului Roberto Carlos \u00een Brazilia a luat o \u00eentors\u0103tur\u0103 dramatic\u0103 dup\u0103 ce un control medical de rutin\u0103 pentru dureri la nivelul piciorului a scos la iveal\u0103 probleme de s\u0103n\u0103tate nea\u0219teptate.<\/p>\n<p>Investiga\u021biile ini\u021biale au indicat prezen\u021ba unui mic cheag de s\u00e2nge, \u00eens\u0103 testele am\u0103nun\u021bite au relevat o disfunc\u021bie cardiac\u0103 sever\u0103, impun\u00e2nd o interven\u021bie chirurgical\u0103 de urgen\u021b\u0103.<\/p>\n<p>De\u0219i procedura de introducere a unui stent este, \u00een mod obi\u0219nuit, una rapid\u0103, opera\u021bia fostului funda\u0219 s-a prelungit de la 40 de minute la aproape trei ore din cauza unor complica\u021bii neprev\u0103zute \u00eent\u00e2mpinate de echipa medical\u0103.<\/p>\n<p>\u00cen prezent, Roberto Carlos se afl\u0103 sub supraveghere strict\u0103 \u00eentr-o unitate spitaliceasc\u0103 din S\u00e3o Paulo, el \u00eensu\u0219i confirm\u00e2nd c\u0103 starea sa este stabil\u0103: \u201eAcum sunt bine \u0219i sub observa\u021bie atent\u0103\u201d.<\/p>\n<p>Fostul campion mondial va mai r\u0103m\u00e2ne internat cel pu\u021bin 48 de ore pentru monitorizare, \u00eenainte de a primi acordul medicilor pentru a \u00eencepe programul de recuperare.<\/p>","protected":false},"excerpt":{"rendered":"<p>Vacan\u021ba legendarului Roberto Carlos \u00een Brazilia a luat o \u00eentors\u0103tur\u0103 dramatic\u0103 dup\u0103 ce un control&hellip;<\/p>\n","protected":false},"author":0,"featured_media":55212,"comment_status":"open","ping_status":"open","sticky":false,"template":"","format":"standard","meta":{"footnotes":""},"categories":[2],"tags":[],"class_list":["post-55219","post","type-post","status-publish","format-standard","has-post-thumbnail","hentry","category-actual"],"_links":{"self":[{"href":"https:\/\/247stiri.ro\/index.php\/wp-json\/wp\/v2\/posts\/55219","targetHints":{"allow":["GET"]}}],"collection":[{"href":"https:\/\/247stiri.ro\/index.php\/wp-json\/wp\/v2\/posts"}],"about":[{"href":"https:\/\/247stiri.ro\/index.php\/wp-json\/wp\/v2\/types\/post"}],"replies":[{"embeddable":true,"href":"https:\/\/247stiri.ro\/index.php\/wp-json\/wp\/v2\/comments?post=55219"}],"version-history":[{"count":0,"href":"https:\/\/247stiri.ro\/index.php\/wp-json\/wp\/v2\/posts\/55219\/revisions"}],"wp:featuredmedia":[{"embeddable":true,"href":"https:\/\/247stiri.ro\/index.php\/wp-json\/wp\/v2\/media\/55212"}],"wp:attachment":[{"href":"https:\/\/247stiri.ro\/index.php\/wp-json\/wp\/v2\/media?parent=55219"}],"wp:term":[{"taxonomy":"category","embeddable":true,"href":"https:\/\/247stiri.ro\/index.php\/wp-json\/wp\/v2\/categories?post=55219"},{"taxonomy":"post_tag","embeddable":true,"href":"https:\/\/247stiri.ro\/index.php\/wp-json\/wp\/v2\/tags?post=55219"}],"curies":[{"name":"wp","href":"https:\/\/api.w.org\/{rel}","templated":true}]}}