{"id":55246,"date":"2025-12-31T15:45:36","date_gmt":"2025-12-31T15:45:36","guid":{"rendered":"https:\/\/247stiri.ro\/index.php\/2025\/12\/31\/nicusor-dan-mesaj-de-ultima-ora-inainte-de-tsunamiul-de-taxe-2025-a-fost-un-an-al-nelinistilor-si-al-intrebarilor-firesti\/"},"modified":"2025-12-31T15:45:36","modified_gmt":"2025-12-31T15:45:36","slug":"nicusor-dan-mesaj-de-ultima-ora-inainte-de-tsunamiul-de-taxe-2025-a-fost-un-an-al-nelinistilor-si-al-intrebarilor-firesti","status":"publish","type":"post","link":"https:\/\/247stiri.ro\/index.php\/2025\/12\/31\/nicusor-dan-mesaj-de-ultima-ora-inainte-de-tsunamiul-de-taxe-2025-a-fost-un-an-al-nelinistilor-si-al-intrebarilor-firesti\/","title":{"rendered":"Nicu\u0219or Dan, mesaj de ultim\u0103 or\u0103 \u00eenainte de tsunamiul de taxe: \u201d2025 a fost un an al nelini\u0219tilor \u0219i al \u00eentreb\u0103rilor fire\u0219ti\u201d"},"content":{"rendered":"<p>\u201d\u00cen pragul unui nou an, ne oprim pentru c\u00e2teva clipe \u0219i privim cu luciditate \u0219i onestitate at\u00e2t spre drumul parcurs, c\u00e2t \u0219i spre responsabilitatea viitorului care ne a\u0219teapt\u0103.Anul 2025 a fost un an al \u00eencerc\u0103rilor, al nelini\u0219tilor \u0219i al \u00eentreb\u0103rilor fire\u0219ti. Mul\u021bi rom\u00e2ni au resim\u021bit presiunea cre\u0219terii costului vie\u021bii, temerile legate de stabilitatea locurilor de munc\u0103 \u0219i incertitudinea unei lumi tot mai imprevizibile. Aceste realit\u0103\u021bi sunt reale \u0219i nu pot fi ignorate.Dar 2025 a fost, \u00een acela\u0219i timp, un an al rezisten\u021bei \u0219i al maturit\u0103\u021bii civice. Un an \u00een care Rom\u00e2nia a r\u0103mas ferm ancorat\u0103 \u00een valorile sale democratice \u0219i \u00een angajamentele europene \u0219i euroatlantice. Un an \u00een care societatea noastr\u0103 a demonstrat c\u0103 \u0219tie s\u0103 se mobilizeze, s\u0103 fie solidar\u0103 \u0219i responsabil\u0103 atunci c\u00e2nd este cu adev\u0103rat pus\u0103 la \u00eencercare.Privind spre 2026, este esen\u021bial ca statul rom\u00e2n s\u0103 devin\u0103 mai eficient, mai corect \u0219i mai aproape de cet\u0103\u021beni. Reforma, responsabilitatea \u0219i competen\u021ba nu pot r\u0103m\u00e2ne simple declara\u021bii de inten\u021bie, ci obliga\u021bii ale statului fa\u021b\u0103 de fiecare rom\u00e2n.Rom\u00e2nia are un poten\u021bial uria\u0219. Valorificarea lui presupune o viziune comun\u0103, o economie modern\u0103 \u0219i competitiv\u0103, o administra\u021bie eficient\u0103, un sistem educa\u021bional adaptat viitorului, un stat de drept solid, care investe\u0219te \u00een securitatea sa \u0219i \u00een care marea corup\u021bie nu \u00ee\u0219i mai g\u0103se\u0219te locul. \u00cen esen\u021b\u0103, o \u021bar\u0103 care \u00ee\u0219i respect\u0103 cet\u0103\u021benii.Anul Nou ne ofer\u0103 \u0219ansa de a re\u00eennoi \u00eencrederea, de a corecta ceea ce nu a func\u021bionat \u0219i de a construi, \u00eempreun\u0103, o Rom\u00e2nie mai dreapt\u0103 \u0219i mai puternic\u0103.Drumul nu va fi u\u0219or, dar sunt convins c\u0103 este un drum pe care \u00eel putem parcurge cu succes.V\u0103 doresc tuturor s\u0103n\u0103tate, lini\u0219te \u0219i puterea de a privi cu speran\u021b\u0103 spre viitor.La mul\u021bi ani tuturor rom\u00e2nilor, oriunde v-a\u021bi afla\u201d, a scris pre\u0219edintele Rom\u00e2niei pe pagina sa de Facebook.\u00a0<\/p>","protected":false},"excerpt":{"rendered":"<p>\u201d\u00cen pragul unui nou an, ne oprim pentru c\u00e2teva clipe \u0219i privim cu luciditate \u0219i&hellip;<\/p>\n","protected":false},"author":0,"featured_media":55242,"comment_status":"open","ping_status":"open","sticky":false,"template":"","format":"standard","meta":{"footnotes":""},"categories":[2],"tags":[],"class_list":["post-55246","post","type-post","status-publish","format-standard","has-post-thumbnail","hentry","category-actual"],"_links":{"self":[{"href":"https:\/\/247stiri.ro\/index.php\/wp-json\/wp\/v2\/posts\/55246","targetHints":{"allow":["GET"]}}],"collection":[{"href":"https:\/\/247stiri.ro\/index.php\/wp-json\/wp\/v2\/posts"}],"about":[{"href":"https:\/\/247stiri.ro\/index.php\/wp-json\/wp\/v2\/types\/post"}],"replies":[{"embeddable":true,"href":"https:\/\/247stiri.ro\/index.php\/wp-json\/wp\/v2\/comments?post=55246"}],"version-history":[{"count":0,"href":"https:\/\/247stiri.ro\/index.php\/wp-json\/wp\/v2\/posts\/55246\/revisions"}],"wp:featuredmedia":[{"embeddable":true,"href":"https:\/\/247stiri.ro\/index.php\/wp-json\/wp\/v2\/media\/55242"}],"wp:attachment":[{"href":"https:\/\/247stiri.ro\/index.php\/wp-json\/wp\/v2\/media?parent=55246"}],"wp:term":[{"taxonomy":"category","embeddable":true,"href":"https:\/\/247stiri.ro\/index.php\/wp-json\/wp\/v2\/categories?post=55246"},{"taxonomy":"post_tag","embeddable":true,"href":"https:\/\/247stiri.ro\/index.php\/wp-json\/wp\/v2\/tags?post=55246"}],"curies":[{"name":"wp","href":"https:\/\/api.w.org\/{rel}","templated":true}]}}