{"id":55250,"date":"2025-12-31T15:45:38","date_gmt":"2025-12-31T15:45:38","guid":{"rendered":"https:\/\/247stiri.ro\/index.php\/2025\/12\/31\/impotriva-lui-bolojan-orasul-care-a-taiat-taxele-la-jumatate-pentru-utilajele-agricole-si-a-eliminat-impozitul-pe-teren\/"},"modified":"2025-12-31T15:45:38","modified_gmt":"2025-12-31T15:45:38","slug":"impotriva-lui-bolojan-orasul-care-a-taiat-taxele-la-jumatate-pentru-utilajele-agricole-si-a-eliminat-impozitul-pe-teren","status":"publish","type":"post","link":"https:\/\/247stiri.ro\/index.php\/2025\/12\/31\/impotriva-lui-bolojan-orasul-care-a-taiat-taxele-la-jumatate-pentru-utilajele-agricole-si-a-eliminat-impozitul-pe-teren\/","title":{"rendered":"\u00cempotriva lui Bolojan. Ora\u0219ul care a t\u0103iat taxele la jum\u0103tate pentru utilajele agricole \u0219i a eliminat impozitul pe teren"},"content":{"rendered":"<p>Conform unei hot\u0103r\u00e2ri oficiale adoptate \u00een \u0219edin\u021ba din 30 decembrie 2025, agricultorii din N\u0103dlac primesc un sprijin financiar crucial \u00een contextul noilor presiuni fiscale de la nivel na\u021bional. Potrivit publica\u021biei Agrointel, noile m\u0103suri prev\u0103d urm\u0103toarele facilit\u0103\u021bi.<\/p>\n<p>Scutire integral\u0103 de impozit pentru terenurile care au fost afectate de calamit\u0103\u021bi naturale \u00een anul precedent, cu condi\u021bia prezent\u0103rii dovezilor oficiale privind pierderile suferite.<\/p>\n<p>Reducere de 50% a impozitului pe utilaje, aplicabil\u0103 echipamentelor folosite direct \u00een produc\u021bia agricol\u0103, pentru o perioad\u0103 de doi ani.<\/p>\n<p>Aceast\u0103 ini\u021biativ\u0103 local\u0103 se bazeaz\u0103 pe cadrul legal stabilit prin Ordonan\u021ba de Urgen\u021b\u0103 nr. 78\/2025, care ofer\u0103 prim\u0103riilor libertatea de a ajusta taxele \u00een func\u021bie de nevoile comunit\u0103\u021bii.<\/p>\n<p>Decizia este cu at\u00e2t mai important\u0103 cu c\u00e2t, la nivel parlamentar, s-au aprobat recent major\u0103ri de impozite pe terenurile agricole care pot dep\u0103\u0219i 130% \u00eencep\u00e2nd cu anul 2026.<\/p>\n<p>Astfel, prin acest demers, autorit\u0103\u021bile locale \u00eencearc\u0103 s\u0103 protejeze fermierii de impactul dur al noilor cre\u0219teri de taxe \u0219i s\u0103 le asigure stabilitatea necesar\u0103 continu\u0103rii activit\u0103\u021bii.<\/p>","protected":false},"excerpt":{"rendered":"<p>Conform unei hot\u0103r\u00e2ri oficiale adoptate \u00een \u0219edin\u021ba din 30 decembrie 2025, agricultorii din N\u0103dlac primesc&hellip;<\/p>\n","protected":false},"author":0,"featured_media":55244,"comment_status":"open","ping_status":"open","sticky":false,"template":"","format":"standard","meta":{"footnotes":""},"categories":[2],"tags":[],"class_list":["post-55250","post","type-post","status-publish","format-standard","has-post-thumbnail","hentry","category-actual"],"_links":{"self":[{"href":"https:\/\/247stiri.ro\/index.php\/wp-json\/wp\/v2\/posts\/55250","targetHints":{"allow":["GET"]}}],"collection":[{"href":"https:\/\/247stiri.ro\/index.php\/wp-json\/wp\/v2\/posts"}],"about":[{"href":"https:\/\/247stiri.ro\/index.php\/wp-json\/wp\/v2\/types\/post"}],"replies":[{"embeddable":true,"href":"https:\/\/247stiri.ro\/index.php\/wp-json\/wp\/v2\/comments?post=55250"}],"version-history":[{"count":0,"href":"https:\/\/247stiri.ro\/index.php\/wp-json\/wp\/v2\/posts\/55250\/revisions"}],"wp:featuredmedia":[{"embeddable":true,"href":"https:\/\/247stiri.ro\/index.php\/wp-json\/wp\/v2\/media\/55244"}],"wp:attachment":[{"href":"https:\/\/247stiri.ro\/index.php\/wp-json\/wp\/v2\/media?parent=55250"}],"wp:term":[{"taxonomy":"category","embeddable":true,"href":"https:\/\/247stiri.ro\/index.php\/wp-json\/wp\/v2\/categories?post=55250"},{"taxonomy":"post_tag","embeddable":true,"href":"https:\/\/247stiri.ro\/index.php\/wp-json\/wp\/v2\/tags?post=55250"}],"curies":[{"name":"wp","href":"https:\/\/api.w.org\/{rel}","templated":true}]}}