{"id":55264,"date":"2025-12-31T16:45:54","date_gmt":"2025-12-31T16:45:54","guid":{"rendered":"https:\/\/247stiri.ro\/index.php\/2025\/12\/31\/robert-turcescu-le-cere-romanilor-sa-intre-in-greva-fiscala-nu-platesc-taxele-lui-bolojan-pana-la-31-martie-video\/"},"modified":"2025-12-31T16:45:54","modified_gmt":"2025-12-31T16:45:54","slug":"robert-turcescu-le-cere-romanilor-sa-intre-in-greva-fiscala-nu-platesc-taxele-lui-bolojan-pana-la-31-martie-video","status":"publish","type":"post","link":"https:\/\/247stiri.ro\/index.php\/2025\/12\/31\/robert-turcescu-le-cere-romanilor-sa-intre-in-greva-fiscala-nu-platesc-taxele-lui-bolojan-pana-la-31-martie-video\/","title":{"rendered":"Robert Turcescu le cere rom\u00e2nilor s\u0103 intre \u00een grev\u0103 fiscal\u0103. \u201dNu pl\u0103tesc taxele lui Bolojan p\u00e2n\u0103 la 31 martie\u201d -VIDEO"},"content":{"rendered":"<p>\u201dM-am hot\u0103r\u00e2t ca \u00een 2026, p\u00e2n\u0103 pe 31 martie, s\u0103 nu pl\u0103tesc taxele \u0219i impozitele pe proprietate, pe ma\u0219in\u0103, majorate de Guvernul Bolojan. Sigur, \u00een cele din urm\u0103 le voi pl\u0103ti, pentru c\u0103 sunt un bun contribuabil. De c\u00e2nd m\u0103 \u0219tiu \u0219i muncesc, adic\u0103 de la 18 ani \u0219i am 50 de ani acuma, am pl\u0103tit la taxe \u0219i impozite statului rom\u00e2n&#8230; Impozitul pe proprietate, din toate taxele \u0219i impozitele existente \u00een Rom\u00e2nia, mi se pare cea mai mare \u0219i cea mai nenorocit\u0103 mizerie \u00een materie de taxe \u0219i impozite.<\/p>\n<p>\u00cen primul r\u00e2nd c\u0103 proprietatea nu este un venit, proprietatea e un drept. Mica mea, cum s\u0103 spun, revolt\u0103, se manifest\u0103 \u00een felul \u0103sta la \u00eenceput de an 2026. Nu le dau un leu la taxe \u0219i impozite locale p\u00e2n\u0103 \u00een, nu \u0219tiu, ultima aia, 31 martie sau c\u00e2t o fi, c\u00e2nd nu pl\u0103tesc penaliz\u0103ri de \u00eent\u00e2rziere\u201d, a declarat<a href=\"https:\/\/www.realitatea.net\/stiri\/actual\/robert-turcescu-critica-proiectul-de-oug-al-lui-ilie-bolojan-privind-inregistrarea-angajatorilor-strainilor-transforma-deficitul-de-forta-de-munca-intro-vulnerabilitate-economica_6953e3f5bf433e574537cd75\" target=\"_blank\"> Robert Turcescu.\u00a0<\/a><\/p>\n<p>\u00a0<\/p>","protected":false},"excerpt":{"rendered":"<p>\u201dM-am hot\u0103r\u00e2t ca \u00een 2026, p\u00e2n\u0103 pe 31 martie, s\u0103 nu pl\u0103tesc taxele \u0219i impozitele&hellip;<\/p>\n","protected":false},"author":0,"featured_media":55260,"comment_status":"open","ping_status":"open","sticky":false,"template":"","format":"standard","meta":{"footnotes":""},"categories":[2],"tags":[],"class_list":["post-55264","post","type-post","status-publish","format-standard","has-post-thumbnail","hentry","category-actual"],"_links":{"self":[{"href":"https:\/\/247stiri.ro\/index.php\/wp-json\/wp\/v2\/posts\/55264","targetHints":{"allow":["GET"]}}],"collection":[{"href":"https:\/\/247stiri.ro\/index.php\/wp-json\/wp\/v2\/posts"}],"about":[{"href":"https:\/\/247stiri.ro\/index.php\/wp-json\/wp\/v2\/types\/post"}],"replies":[{"embeddable":true,"href":"https:\/\/247stiri.ro\/index.php\/wp-json\/wp\/v2\/comments?post=55264"}],"version-history":[{"count":0,"href":"https:\/\/247stiri.ro\/index.php\/wp-json\/wp\/v2\/posts\/55264\/revisions"}],"wp:featuredmedia":[{"embeddable":true,"href":"https:\/\/247stiri.ro\/index.php\/wp-json\/wp\/v2\/media\/55260"}],"wp:attachment":[{"href":"https:\/\/247stiri.ro\/index.php\/wp-json\/wp\/v2\/media?parent=55264"}],"wp:term":[{"taxonomy":"category","embeddable":true,"href":"https:\/\/247stiri.ro\/index.php\/wp-json\/wp\/v2\/categories?post=55264"},{"taxonomy":"post_tag","embeddable":true,"href":"https:\/\/247stiri.ro\/index.php\/wp-json\/wp\/v2\/tags?post=55264"}],"curies":[{"name":"wp","href":"https:\/\/api.w.org\/{rel}","templated":true}]}}