{"id":55265,"date":"2025-12-31T16:45:54","date_gmt":"2025-12-31T16:45:54","guid":{"rendered":"https:\/\/247stiri.ro\/index.php\/2025\/12\/31\/bolojan-are-probleme-din-nou-ordonanta-care-taie-o-zi-de-concediu-medical-este-neconstitutionala\/"},"modified":"2025-12-31T16:45:54","modified_gmt":"2025-12-31T16:45:54","slug":"bolojan-are-probleme-din-nou-ordonanta-care-taie-o-zi-de-concediu-medical-este-neconstitutionala","status":"publish","type":"post","link":"https:\/\/247stiri.ro\/index.php\/2025\/12\/31\/bolojan-are-probleme-din-nou-ordonanta-care-taie-o-zi-de-concediu-medical-este-neconstitutionala\/","title":{"rendered":"Bolojan are probleme din nou. Ordonan\u021ba care taie o zi de concediu medical este neconstitu\u021bional\u0103"},"content":{"rendered":"<p>Federa\u021bia \u201eSolidaritatea Sanitar\u0103\u201d din Rom\u00e2nia avertizeaz\u0103 c\u0103 noua Ordonan\u021b\u0103 de Urgen\u021b\u0103, care stabile\u0219te c\u0103 prima zi de concediu medical nu mai este pl\u0103tit\u0103, prezint\u0103 riscuri majore de neconstitu\u021bionalitate. Principalul argument invocat de reprezentan\u021bii sindicatului este lipsa dezbaterii proiectului \u00een cadrul Consiliului Economic \u0219i Social (CES), etap\u0103 considerat\u0103 obligatorie pentru validitatea actului normativ. Conform Federa\u021biei, Curtea Constitu\u021bional\u0103 a stabilit deja c\u0103 promovarea unei legi f\u0103r\u0103 avizul CES \u00eencalc\u0103 regulile fundamentale.<\/p>\n<p>De\u0219i Federa\u021bia a participat la o \u0219edin\u021b\u0103 a Comisiei de Dialog Social din cadrul Ministerului S\u0103n\u0103t\u0103\u021bii \u0219i a solicitat eliminarea acestei m\u0103suri, Guvernul nu \u0219i-a \u00eensu\u0219it propunerea, asum\u00e2ndu-\u0219i \u00eentreaga responsabilitate pentru eventualele consecin\u021be.<\/p>\n<p>Federa\u021bia explic\u0103 totu\u0219i c\u0103 proiectul de OUG nu a fost dezb\u0103tut \u0219i \u00een \u0219edin\u021ba Consiliului Economic \u0219i Social (CES), lucru obligatoriu.<\/p>\n<p>\u201e\u00cen consecin\u021b\u0103, proiectul de OUG este atacabil din perspectiva neconstitu\u021bionalit\u0103\u021bii sale, av\u00e2nd \u00een vedere faptul c\u0103 CCR a stabilit \u00een mod clar c\u0103 promovarea unui act normativ f\u0103r\u0103 avizul CES-ului \u00eencalc\u0103 regulile constitu\u021bionale\u201d, anun\u021b\u0103 Federa\u021bia.\u00a0<\/p>\n<p>O ordonan\u021b\u0103 de urgen\u021b\u0103, adoptat\u0103 mar\u021bi, \u00een ultima \u0219edin\u021b\u0103 de guvern din 2025, a stabilit ca prima zi a concediului medical s\u0103 nu mai fie pl\u0103tit\u0103. Autorit\u0103\u021bile au motivat c\u0103 vor astfel s\u0103 scad\u0103 fenomenul concediilor medicale fictive.\u00a0<\/p>\n<p>Ministrul S\u0103n\u0103t\u0103\u021bii, Alexandru Rogobete a explicat\u00a0c\u0103 m\u0103sura excluderii de la plat\u0103 a primei zile de concediu medical\u00a0este \u201etranzitorie, ini\u021bial g\u00e2ndit\u0103 pentru 2 ani. Dar, dac\u0103 fenomenul concediilor medicale fictive scade semnificativ, ea se poate reduce \u0219i se poate anula oric\u00e2nd, nu este o m\u0103sur\u0103 definitiv\u0103\u201d.<\/p>\n<p>\u00a0<\/p>","protected":false},"excerpt":{"rendered":"<p>Federa\u021bia \u201eSolidaritatea Sanitar\u0103\u201d din Rom\u00e2nia avertizeaz\u0103 c\u0103 noua Ordonan\u021b\u0103 de Urgen\u021b\u0103, care stabile\u0219te c\u0103 prima&hellip;<\/p>\n","protected":false},"author":0,"featured_media":55262,"comment_status":"open","ping_status":"open","sticky":false,"template":"","format":"standard","meta":{"footnotes":""},"categories":[2],"tags":[],"class_list":["post-55265","post","type-post","status-publish","format-standard","has-post-thumbnail","hentry","category-actual"],"_links":{"self":[{"href":"https:\/\/247stiri.ro\/index.php\/wp-json\/wp\/v2\/posts\/55265","targetHints":{"allow":["GET"]}}],"collection":[{"href":"https:\/\/247stiri.ro\/index.php\/wp-json\/wp\/v2\/posts"}],"about":[{"href":"https:\/\/247stiri.ro\/index.php\/wp-json\/wp\/v2\/types\/post"}],"replies":[{"embeddable":true,"href":"https:\/\/247stiri.ro\/index.php\/wp-json\/wp\/v2\/comments?post=55265"}],"version-history":[{"count":0,"href":"https:\/\/247stiri.ro\/index.php\/wp-json\/wp\/v2\/posts\/55265\/revisions"}],"wp:featuredmedia":[{"embeddable":true,"href":"https:\/\/247stiri.ro\/index.php\/wp-json\/wp\/v2\/media\/55262"}],"wp:attachment":[{"href":"https:\/\/247stiri.ro\/index.php\/wp-json\/wp\/v2\/media?parent=55265"}],"wp:term":[{"taxonomy":"category","embeddable":true,"href":"https:\/\/247stiri.ro\/index.php\/wp-json\/wp\/v2\/categories?post=55265"},{"taxonomy":"post_tag","embeddable":true,"href":"https:\/\/247stiri.ro\/index.php\/wp-json\/wp\/v2\/tags?post=55265"}],"curies":[{"name":"wp","href":"https:\/\/api.w.org\/{rel}","templated":true}]}}