{"id":55276,"date":"2025-12-31T17:45:28","date_gmt":"2025-12-31T17:45:28","guid":{"rendered":"https:\/\/247stiri.ro\/index.php\/2025\/12\/31\/ramzan-kadirov-internat-de-urgenta-la-moscova-liderul-cecen-a-disparut-din-spatiul-public-de-o-saptamana\/"},"modified":"2025-12-31T17:45:28","modified_gmt":"2025-12-31T17:45:28","slug":"ramzan-kadirov-internat-de-urgenta-la-moscova-liderul-cecen-a-disparut-din-spatiul-public-de-o-saptamana","status":"publish","type":"post","link":"https:\/\/247stiri.ro\/index.php\/2025\/12\/31\/ramzan-kadirov-internat-de-urgenta-la-moscova-liderul-cecen-a-disparut-din-spatiul-public-de-o-saptamana\/","title":{"rendered":"Ramzan Kad\u00eerov, internat de urgen\u021b\u0103 la Moscova. Liderul cecen a disp\u0103rut din spa\u021biul public de o s\u0103pt\u0103m\u00e2n\u0103"},"content":{"rendered":"<p>Absen\u021ba lui Ramzan Kad\u00eerov din spa\u021biul public de mai bine de o s\u0103pt\u0103m\u00e2n\u0103 a declan\u0219at o nou\u0103 serie de specula\u021bii privind starea sa critic\u0103 de s\u0103n\u0103tate. Potrivit unei investiga\u021bii a publica\u021biei Novaia Gazeta Europe, liderul cecen ar fi trebuit s\u0103 participe la reuniunea Consiliului de Stat al Rusiei din 25 decembrie, \u00eens\u0103 starea sa s-ar fi agravat brusc \u00een noaptea de dinaintea evenimentului. Acesta ar fi fost transportat de urgen\u021b\u0103 la Spitalul Clinic Central din Moscova, unde surse apropiate liderului afirm\u0103 c\u0103 a fost cu greu resuscitat \u00eenainte de a fi trimis \u00eenapoi \u00een Cecenia.<\/p>\n<p>Kad\u00eerov e suspect de necroz\u0103 pancreatic\u0103 de mul\u021bi ani<\/p>\n<p>Problemele de s\u0103n\u0103tate ale lui Kad\u00eerov nu sunt o noutate, acesta fiind suspectat de ani de zile c\u0103 sufer\u0103 de necroz\u0103 pancreatic\u0103, o afec\u021biune cu o rat\u0103 ridicat\u0103 de mortalitate. De\u0219i la \u00eenceputul anului 2025 a afi\u0219at o form\u0103 fizic\u0103 aparent bun\u0103, pe parcursul ultimelor luni starea sa s-a deteriorat constant, duc\u00e2nd la am\u00e2narea emisiunii sale anuale de dialog cu cet\u0103\u021benii \u0219i la concedii medicale prelungite.  Se pare c\u0103 liderul de la Grozn\u00eei a apelat inclusiv la expertiza unor medici germani \u00een Dubai, \u00eens\u0103 surse din cadrul FSB regional sugereaz\u0103 c\u0103 anturajul s\u0103u nu mai are speran\u021be pentru o recuperare favorabil\u0103.<\/p>\n<p>\u00cen ciuda acestui tablou clinic \u00eengrijor\u0103tor, contextul politic r\u0103m\u00e2ne unul complicat. De\u0219i Kad\u00eerov i-ar fi cerut \u00een repetate r\u00e2nduri lui Vladimir Putin s\u0103 fie eliberat din func\u021bie, inclusiv \u00een luna mai a acestui an, Kremlinul pare s\u0103 ignore aceste solicit\u0103ri. Mai mult, administra\u021bia preziden\u021bial\u0103 rus\u0103 ar fi aprobat deja participarea acestuia la alegerile din 2026 pentru un nou mandat la conducerea Ceceniei, \u00een \u00eencercarea de a men\u021bine stabilitatea \u00een regiune.<\/p>","protected":false},"excerpt":{"rendered":"<p>Absen\u021ba lui Ramzan Kad\u00eerov din spa\u021biul public de mai bine de o s\u0103pt\u0103m\u00e2n\u0103 a declan\u0219at&hellip;<\/p>\n","protected":false},"author":0,"featured_media":55273,"comment_status":"open","ping_status":"open","sticky":false,"template":"","format":"standard","meta":{"footnotes":""},"categories":[2],"tags":[],"class_list":["post-55276","post","type-post","status-publish","format-standard","has-post-thumbnail","hentry","category-actual"],"_links":{"self":[{"href":"https:\/\/247stiri.ro\/index.php\/wp-json\/wp\/v2\/posts\/55276","targetHints":{"allow":["GET"]}}],"collection":[{"href":"https:\/\/247stiri.ro\/index.php\/wp-json\/wp\/v2\/posts"}],"about":[{"href":"https:\/\/247stiri.ro\/index.php\/wp-json\/wp\/v2\/types\/post"}],"replies":[{"embeddable":true,"href":"https:\/\/247stiri.ro\/index.php\/wp-json\/wp\/v2\/comments?post=55276"}],"version-history":[{"count":0,"href":"https:\/\/247stiri.ro\/index.php\/wp-json\/wp\/v2\/posts\/55276\/revisions"}],"wp:featuredmedia":[{"embeddable":true,"href":"https:\/\/247stiri.ro\/index.php\/wp-json\/wp\/v2\/media\/55273"}],"wp:attachment":[{"href":"https:\/\/247stiri.ro\/index.php\/wp-json\/wp\/v2\/media?parent=55276"}],"wp:term":[{"taxonomy":"category","embeddable":true,"href":"https:\/\/247stiri.ro\/index.php\/wp-json\/wp\/v2\/categories?post=55276"},{"taxonomy":"post_tag","embeddable":true,"href":"https:\/\/247stiri.ro\/index.php\/wp-json\/wp\/v2\/tags?post=55276"}],"curies":[{"name":"wp","href":"https:\/\/api.w.org\/{rel}","templated":true}]}}