{"id":55285,"date":"2025-12-31T18:45:02","date_gmt":"2025-12-31T18:45:02","guid":{"rendered":"https:\/\/247stiri.ro\/index.php\/2025\/12\/31\/accident-in-judetul-mehedinti-doua-persoane-au-fost-ranite-dupa-ce-doua-masini-s-au-ciocnit-violent\/"},"modified":"2025-12-31T18:45:02","modified_gmt":"2025-12-31T18:45:02","slug":"accident-in-judetul-mehedinti-doua-persoane-au-fost-ranite-dupa-ce-doua-masini-s-au-ciocnit-violent","status":"publish","type":"post","link":"https:\/\/247stiri.ro\/index.php\/2025\/12\/31\/accident-in-judetul-mehedinti-doua-persoane-au-fost-ranite-dupa-ce-doua-masini-s-au-ciocnit-violent\/","title":{"rendered":"Accident \u00een jude\u021bul Mehedin\u021bi. Dou\u0103 persoane au fost r\u0103nite, dup\u0103 ce dou\u0103 ma\u0219ini s-au ciocnit violent"},"content":{"rendered":"<p>\u201dUn b\u0103rbat \u00een v\u00e2rst\u0103 de 34 de ani, din jude\u021bul Dolj, care conducea un autoturism pe DN 6, \u00een localitatea T\u00e2mna, dinspre Ciochiu\u021ba c\u0103tre Fa\u021ba Cremenii, la un moment dat, din cauze ce vor fi stabilite ulterior, a p\u0103truns pe sensul opus de mers, iar la momentul revenirii pe sensul pe care circula a fost acro\u0219at de un autovehicul, condus de o femeie.<\/p>\n<p>\u00cen urma accidentului a rezultat r\u0103nirea conduc\u0103torului auto si a unui pasager de 26 de ani, aflat in vehiculul condus de b\u0103rbat, acesta din urm\u0103 fiind transportat la spital pentru investiga\u021bii medicale\u201d, a transmis Inspectoratul Jude\u021bean de Poli\u021bie Mehedin\u021bi.\u00a0<\/p>\n<p>Oamenii legii au testat ambii \u0219oferi cu aparatul etilotest, rezultatele fiind negative.<\/p>\n<p>\u00cen acest caz, poli\u021bi\u0219tii au deschis un dosar penal pentru v\u0103t\u0103mare corporal\u0103 \u0219i continu\u0103 cercet\u0103rile pentru a stabili cu exactitate cauzele \u00een care s-a produs <a href=\"https:\/\/www.realitatea.net\/stiri\/actual\/accident-grav-la-iesirea-de-pe-autostrda-a4-in-judetul-constanta-trei-masini-sau-ciocnit-violent-sunt-implicate-cinci-persoane_69551b29edcdc76fa91be222\" target=\"_blank\">evenimentul rutier.<\/a>\u00a0<\/p>","protected":false},"excerpt":{"rendered":"<p>\u201dUn b\u0103rbat \u00een v\u00e2rst\u0103 de 34 de ani, din jude\u021bul Dolj, care conducea un autoturism&hellip;<\/p>\n","protected":false},"author":0,"featured_media":55286,"comment_status":"open","ping_status":"open","sticky":false,"template":"","format":"standard","meta":{"footnotes":""},"categories":[2],"tags":[],"class_list":["post-55285","post","type-post","status-publish","format-standard","has-post-thumbnail","hentry","category-actual"],"_links":{"self":[{"href":"https:\/\/247stiri.ro\/index.php\/wp-json\/wp\/v2\/posts\/55285","targetHints":{"allow":["GET"]}}],"collection":[{"href":"https:\/\/247stiri.ro\/index.php\/wp-json\/wp\/v2\/posts"}],"about":[{"href":"https:\/\/247stiri.ro\/index.php\/wp-json\/wp\/v2\/types\/post"}],"replies":[{"embeddable":true,"href":"https:\/\/247stiri.ro\/index.php\/wp-json\/wp\/v2\/comments?post=55285"}],"version-history":[{"count":0,"href":"https:\/\/247stiri.ro\/index.php\/wp-json\/wp\/v2\/posts\/55285\/revisions"}],"wp:featuredmedia":[{"embeddable":true,"href":"https:\/\/247stiri.ro\/index.php\/wp-json\/wp\/v2\/media\/55286"}],"wp:attachment":[{"href":"https:\/\/247stiri.ro\/index.php\/wp-json\/wp\/v2\/media?parent=55285"}],"wp:term":[{"taxonomy":"category","embeddable":true,"href":"https:\/\/247stiri.ro\/index.php\/wp-json\/wp\/v2\/categories?post=55285"},{"taxonomy":"post_tag","embeddable":true,"href":"https:\/\/247stiri.ro\/index.php\/wp-json\/wp\/v2\/tags?post=55285"}],"curies":[{"name":"wp","href":"https:\/\/api.w.org\/{rel}","templated":true}]}}