{"id":55288,"date":"2025-12-31T18:45:04","date_gmt":"2025-12-31T18:45:04","guid":{"rendered":"https:\/\/247stiri.ro\/index.php\/2025\/12\/31\/cristela-georgescu-mesaj-de-anul-nou-a-mai-trecut-un-an-in-care-am-mers-impreuna-unii-cu-altii-si-noi-toti-cu-dumnezeu\/"},"modified":"2025-12-31T18:45:04","modified_gmt":"2025-12-31T18:45:04","slug":"cristela-georgescu-mesaj-de-anul-nou-a-mai-trecut-un-an-in-care-am-mers-impreuna-unii-cu-altii-si-noi-toti-cu-dumnezeu","status":"publish","type":"post","link":"https:\/\/247stiri.ro\/index.php\/2025\/12\/31\/cristela-georgescu-mesaj-de-anul-nou-a-mai-trecut-un-an-in-care-am-mers-impreuna-unii-cu-altii-si-noi-toti-cu-dumnezeu\/","title":{"rendered":"Cristela Georgescu, mesaj de Anul Nou: \u201eA mai trecut un an \u00een care am mers \u00eempreun\u0103, unii cu al\u021bii, \u0219i noi to\u021bi cu Dumnezeu\u201d"},"content":{"rendered":"<p>\u201eA mai trecut un an \u00een care am mers \u00eempreun\u0103, unii cu al\u021bii, \u0219i noi to\u021bi cu Dumnezeu.<\/p>\n<p>Am primit toate scrisorile (le p\u0103strez cu grij\u0103 \u00een cutii legate cu panglic\u0103 tricolor\u0103), g\u00e2ndurile, darurile, lacrimile, rug\u0103ciunile \u0219i jertfa voastr\u0103 t\u0103cut\u0103&#8230; \u00censeamn\u0103 mult pentru mine. Pentru toate, v\u0103 mul\u021bumesc.<\/p>\n<p>M\u0103 rog pentru poporul rom\u00e2n de pretutindeni s\u0103 fie binecuv\u00e2ntat cu inim\u0103 treaz\u0103, cu lacrimi de iertare, cu mil\u0103 \u0219i iubire pentru aproapele \u0219i cu n\u0103dejde tare. Par lucruri simple, poate prea des auzite, \u00eenc\u00e2t risc\u0103 s\u0103 par\u0103 banale, dar sunt (\u00eenc\u0103) greu de tr\u0103it \u0219i de \u00eenf\u0103ptuit \u00eentr-o lume tulbure \u0219i tulburat\u0103.<\/p>\n<p>Cuvintele mele nu pot cuprinde tot ce simt, de aceea am ales ca darul meu pentru fiecare dintre voi la finalul lui 2025 s\u0103 fie cuvintele P\u0103rintelui Macarie, de la Schitul Piatra T\u0103ieturii.<\/p>\n<p>V\u0103 \u00eembr\u0103\u021bi\u0219ez \u00een inim\u0103, acolo unde v\u0103 port, cu o \u00eembr\u0103\u021bi\u0219are lung\u0103, ca o punte \u00eentre ani.<\/p>\n<p>La mul\u021bi ani cu Domnul de m\u00e2n\u0103, Rom\u00e2nia lui Dumnezeu!<\/p>\n<p>#cristelageorgescu #imputernicire #multumesc<\/p>\n<p>\u201dDin ad\u00e2ncul pustiei, de sub cerul limpede al mun\u021bilor de nord, dintr-o chilie \u00een care singur\u0103tatea s-a \u00eembr\u0103cat cu rug\u0103ciune, din t\u0103cerea Pietrei T\u0103ieturii, cu inima fr\u00e2nt\u0103 trimit aceast\u0103 binecuv\u00e2ntare, ca un balsam pentru r\u0103ni nev\u0103zute c\u0103tre to\u021bi cei asemenea mi-e: cei care pl\u00e2ng, cei care iart\u0103 greu, cei care nu mai pot, dar totu\u0219i merg \u00eenainte. P\u0103rintele Macarie.<\/p>\n<p>\u00a0Binecuv\u00e2nta\u021bi s\u0103 fi\u021bi, to\u021bi cei care pl\u00e2nge\u021bi \u00een ascuns, \u00een c\u0103m\u0103ru\u021be s\u0103race, \u00een azile, \u00een \u00eenchisori, \u00een singur\u0103t\u0103\u021bi grele \u2014 s\u0103 vi se \u0219tearg\u0103 lacrima cu m\u00e2na nev\u0103zut\u0103 a lui Hristos, s\u0103 v\u0103 fie sufletul alinat de o pace care nu se poate spune \u00een cuvinte, ci doar se simte ca un fior cald, ca o \u00eembr\u0103\u021bi\u0219are cereasc\u0103.<\/p>\n<p>\u00a0Binecuv\u00e2nta\u021bi s\u0103 fi\u021bi, cei bolnavi, singuri \u0219i uita\u021bi, s\u0103 v\u0103 cerceteze Duhul Sf\u00e2nt \u00een tain\u0103 \u0219i s\u0103 v\u0103 aduc\u0103 alinare ca roua pe iarba \u00eensetat\u0103. S\u0103 nu v\u0103 sim\u021bi\u021bi p\u0103r\u0103si\u021bi, c\u0103ci Dumnezeu nu pleac\u0103 niciodat\u0103. El st\u0103 la c\u0103p\u0103t\u00e2iul celor ne\u0219tiu\u021bi de lume.\ud83c\udf3f Binecuv\u00e2nta\u021bi s\u0103 fi\u021bi, cei osteni\u021bi de drum, cei ce nu mai au putere s\u0103 rosteasc\u0103 o rug\u0103ciune, dar care \u00eenc\u0103 suspin\u0103 \u00een tain\u0103: \u201eDoamne, nu Te mai simt\u2026 dar \u00eenc\u0103 Te caut\u2026\u201d S\u0103 vin\u0103 lumina Lui ca un r\u0103spuns mut, dar ad\u00e2nc, \u0219i s\u0103 v\u0103 aprind\u0103 candela inimii chiar \u0219i c\u00e2nd uleiul s-a terminat.<\/p>\n<p>\u00a0Binecuv\u00e2nta\u021bi s\u0103 fi\u021bi, to\u021bi cei care purta\u021bi greut\u0103\u021bi \u2014 \u00een trupuri bolnave, \u00een min\u021bi tulburate, \u00een inimi strivite, pe umeri ap\u0103sa\u021bi de griji sau de t\u0103ceri dureroase \u2014 s\u0103 se prefac\u0103 suferin\u021ba voastr\u0103 \u00een cunun\u0103 \u0219i durerea \u00een slav\u0103 ve\u0219nic\u0103, \u00eenaintea Celui ce \u0219tie toate.<\/p>\n<p>\u00a0Binecuv\u00e2nta\u021bi s\u0103 fi\u021bi, to\u021bi cei ce vre\u021bi dreptate, dar a\u021bi fost min\u021bi\u021bi, batjocori\u021bi sau strivi\u021bi \u00een nedrept\u0103\u021bi \u2014 Dumnezeu vede! El nu \u00eent\u00e2rzie \u0219i nu uit\u0103! \u0218i nimic din ce a\u021bi suferit nu va fi zadarnic, c\u0103ci totul se adun\u0103 \u00een paharul milei Sale.<\/p>\n<p>\u00a0Binecuv\u00e2nta\u021bi s\u0103 fi\u021bi, cei care nu mai \u0219ti\u021bi s\u0103 ierta\u021bi \u2014 s\u0103 vi se \u00eenmoaie inimile ca p\u00e2inea cald\u0103 fr\u00e2nt\u0103 \u00een post, \u0219i ura s\u0103 se topeasc\u0103 \u00een iubire. S\u0103 nu mai purta\u021bi spini \u00een suflet, ci flori de pace, chiar dac\u0103 au crescut pe morm\u00e2ntul unei dureri.<\/p>\n<p>\u00a0Binecuv\u00e2nta\u021bi s\u0103 fi\u021bi, tinerilor care ave\u021bi frici, pentru via\u021ba care v\u0103 st\u0103 \u00eenainte,<\/p>\n<p>pentru zvonurile lumii, pentru r\u0103zboaiele despre care se vorbe\u0219te, pentru crizele care vin \u2014 Domnul s\u0103 v\u0103 p\u0103zeasc\u0103 cu pacea Lui, s\u0103 v\u0103 fie pa\u0219ii purta\u021bi de \u00eengeri, \u0219i nop\u021bile p\u0103zite de Maica Domnului.<\/p>\n<p>\u00a0Binecuv\u00e2ntate s\u0103 fie casele \u00een care arde candela la Maica Domnului \u0219i icoanele de pe pere\u021bi care privesc spre omul gol \u0219i obosit, dar cu n\u0103dejde. S\u0103 fie binecuv\u00e2ntate mamele care pl\u00e2ng, bunicii care se roag\u0103 pentru nepo\u021bi, copiii care \u00eenc\u0103 se mai \u00eenchin\u0103, chiar dac\u0103 nu \u0219tiu rug\u0103ciuni pe de rost.<\/p>\n<p>\u00a0Binecuv\u00e2nta\u021bi s\u0103 fi\u021bi voi to\u021bi, cei care citi\u021bi aceste cuvinte, s\u0103 vi se ating\u0103 inima cu un g\u00e2nd de cer, s\u0103 vi se aline nelini\u0219tile, s\u0103 v\u0103 iubeasc\u0103 Dumnezeu mai mult dec\u00e2t v\u0103 iubi\u021bi voi \u00een\u0219iv\u0103.<\/p>\n<p>\u00a0Binecuv\u00e2ntat s\u0103 fie fiecare oftat al inimii triste, fiecare b\u0103taie a inimii r\u0103nite, fiecare suspin dus \u00een t\u0103cere spre cer \u2014 c\u0103ci \u0219i acestea sunt rug\u0103ciuni, \u0219i Dumnezeu le adun\u0103 \u00een c\u0103mara milostivirii Sale.\u201d, scrie Cristela Georgescu pe Facebook.<\/p>\n<p>\u00a0<\/p>","protected":false},"excerpt":{"rendered":"<p>\u201eA mai trecut un an \u00een care am mers \u00eempreun\u0103, unii cu al\u021bii, \u0219i noi&hellip;<\/p>\n","protected":false},"author":0,"featured_media":55289,"comment_status":"open","ping_status":"open","sticky":false,"template":"","format":"standard","meta":{"footnotes":""},"categories":[2],"tags":[],"class_list":["post-55288","post","type-post","status-publish","format-standard","has-post-thumbnail","hentry","category-actual"],"_links":{"self":[{"href":"https:\/\/247stiri.ro\/index.php\/wp-json\/wp\/v2\/posts\/55288","targetHints":{"allow":["GET"]}}],"collection":[{"href":"https:\/\/247stiri.ro\/index.php\/wp-json\/wp\/v2\/posts"}],"about":[{"href":"https:\/\/247stiri.ro\/index.php\/wp-json\/wp\/v2\/types\/post"}],"replies":[{"embeddable":true,"href":"https:\/\/247stiri.ro\/index.php\/wp-json\/wp\/v2\/comments?post=55288"}],"version-history":[{"count":0,"href":"https:\/\/247stiri.ro\/index.php\/wp-json\/wp\/v2\/posts\/55288\/revisions"}],"wp:featuredmedia":[{"embeddable":true,"href":"https:\/\/247stiri.ro\/index.php\/wp-json\/wp\/v2\/media\/55289"}],"wp:attachment":[{"href":"https:\/\/247stiri.ro\/index.php\/wp-json\/wp\/v2\/media?parent=55288"}],"wp:term":[{"taxonomy":"category","embeddable":true,"href":"https:\/\/247stiri.ro\/index.php\/wp-json\/wp\/v2\/categories?post=55288"},{"taxonomy":"post_tag","embeddable":true,"href":"https:\/\/247stiri.ro\/index.php\/wp-json\/wp\/v2\/tags?post=55288"}],"curies":[{"name":"wp","href":"https:\/\/api.w.org\/{rel}","templated":true}]}}