{"id":5545,"date":"2024-11-07T20:55:44","date_gmt":"2024-11-07T20:55:44","guid":{"rendered":"https:\/\/247stiri.ro\/index.php\/2024\/11\/07\/denuntatorul-lui-coldea-noi-dezaluiri-bomba-fostul-consilier-prezidential-moldoveanu-ar-fi-fost-cerut-ca-martor-chiar-de-generalul-negru\/"},"modified":"2024-11-07T20:55:44","modified_gmt":"2024-11-07T20:55:44","slug":"denuntatorul-lui-coldea-noi-dezaluiri-bomba-fostul-consilier-prezidential-moldoveanu-ar-fi-fost-cerut-ca-martor-chiar-de-generalul-negru","status":"publish","type":"post","link":"https:\/\/247stiri.ro\/index.php\/2024\/11\/07\/denuntatorul-lui-coldea-noi-dezaluiri-bomba-fostul-consilier-prezidential-moldoveanu-ar-fi-fost-cerut-ca-martor-chiar-de-generalul-negru\/","title":{"rendered":"Denun\u021b\u0103torul lui Coldea, noi dez\u0103luiri bomb\u0103. Fostul consilier preziden\u021bial Moldoveanu ar fi fost cerut ca martor chiar de generalul negru"},"content":{"rendered":"<p>\u00cen exclusivitate \u00een emisiunea Anc\u0103i Alexandrescu, C\u0103l\u0103lin Hideg a explicat c\u0103 a fost prieten apropiat cu Daniel Moldoveanu, p\u00e2n\u0103 \u00een urm\u0103 cu c\u00e2\u021biva ani \u0219i c\u0103 probabil acesta a fost \u0219i motivul pentru care generalii \u0219i-au imaginat c\u0103 l-ar putea folosi pe post de mediator al unei &#8222;\u00eemp\u0103c\u0103ri&#8221; reciproc avantajoase.<\/p>\n<p>HIDEG: MI-A ZIS &#8222;PE MINE NU AI VOIE S\u0102 M\u0102 \u00ceNREGISTREZI!<\/p>\n<p>&#8222;La 2 zile dup\u0103 ce am depus denun\u021bul, m-a sunat (Moldoveanu &#8211; N.R.) \u0219i m-a \u00eentrebat dac\u0103 pot beau cu el o cafea, mi-a spus c\u0103-l intereseaz\u0103 o afacere de-a mea de la Craiova \u0219i c\u0103 a g\u0103sit un client. A doua zi ne-am v\u0103zut \u0219i a vorbit pu\u021bin despre afacere. Ce m-a surprins a fost c\u0103 din momentul \u00een care ne-am a\u0219ezat la mas\u0103, mi-a zis din prima &#8222;pe mine nu ai voie s\u0103 m\u0103 \u00eenregistrezi&#8221;. Atunci mi-am dat seama c\u0103 \u0219tie despre acele \u00eenregistr\u0103ri care abia ap\u0103ruser\u0103 \u00een spa\u021biul public de 2 zile. I-am spus c\u0103 \u00eemi dau seama c\u0103 nu afacerea de la Craiova era motivul pentru care m\u0103 chemase \u0219i mi-a zis atunci c\u0103 p\u0103rerea lui este s\u0103 e mai bine s\u0103 nu m\u0103 cert cu oameni \u0103\u0219tia, c\u0103 nu o s\u0103-mi ajute \u00een afaceri, c\u0103 o s\u0103 am probleme \u0219i mai mari, c\u0103 sunt cei mai puternici din Rom\u00e2nia si c\u0103 el crede c\u0103 ar fi mai bine s\u0103 am o \u00eent\u00e2lnire cu ei, s\u0103 stabilim anumite lucruri \u0219i s\u0103 ne \u00eemp\u0103c\u0103m, c\u0103 altfel lucruri ar putea s\u0103 ia o turnur\u0103 foarte nepl\u0103cuta pentru mine&#8221;, a relatat denun\u021b\u0103torul generalilor Statului Paralel.<\/p>\n<p><a href=\"https:\/\/www.realitatea.net\/stiri\/actual\/cum-vor-coldea-si-dumbrava-sa-intimideze-procurorii-in-disperare-de-cauza-sustine-ca-inregistrarile-sunt-distorsionate_672d1e2e4d754b7b447a4142\" target=\"_blank\" rel=\"noopener\">Cum vor Coldea \u0219i Dumbrav\u0103 s\u0103 intimideze procurorii. \u00cen disperare de cauz\u0103, sus\u021bine c\u0103 \u00eenregistr\u0103rile sunt distorsionate<\/a>HIDEG: AM \u00ceN\u021aELES C\u0102 MOLDOVEANU A FOST CERUT CA MARTOR DE COLDEA<\/p>\n<p>\u00centrebare: Invita\u021bia era s\u0103 v\u0103 vede\u021bi cu am\u00e2ndoi, cu Coldea \u0219i cu Dumbrav\u0103?<\/p>\n<p>&#8222;M-a zis c\u0103 mai \u00eent\u00e2i s\u0103 ne vedem cu generalul Dumbrav\u0103. (..) Eu i-am spus c\u0103 nu \u0219tiu, m\u0103 mai g\u00e2ndesc. L-am \u00eenregistrat, chiar dac\u0103 mi-a spus s\u0103 nu o fac \u0219i am depus de cur\u00e2nd \u00eenregistrarea la DNA. \u0218i el cred c\u0103 m-a \u00eenregistrat, c\u0103 avea o geant\u0103 pe mas\u0103. C\u00e2nd el a zis s\u0103 nu \u00eenregistrez, mi-am dat seama c\u0103 este trimis de acei oameni. L-am \u0219i \u00eentrebat, de unde a ap\u0103rut a\u0219a, dup\u0103 doi ani, de c\u00e2nd n-am mai vorbit, de\u0219i eram cei mai buni prieteni, ca s\u0103-mi cear\u0103 s\u0103 m\u0103 \u00eempac cu cei mai mari du\u0219mani? Ulterior au ie\u0219it \u00een pres\u0103 \u00eenregistr\u0103rile \u0219i nu a mai ap\u0103rut. (&#8230;)\u00a0Acum am \u00een\u021beles c\u0103 Moldoevanu este martor, am v\u0103zut c\u0103 dl.Coldea l-a cerut ca martor important \u00een dosarul cu mine.&#8221;<\/p>\n<p>INTR\u0102 \u00ceN SCEN\u0102 AL DOILEA &#8222;MESAGER&#8221;: MI-A ZIS S\u0102 NE \u00ceNREGSTR\u0102M RECIPROC<\/p>\n<p>Omul de afaceri a relatat c\u0103 la aproximativ o lun\u0103 dup\u0103 ie\u0219irea din scen\u0103 a &#8222;meditorului&#8221; Daniel Moldoveanu, a fost c\u0103utat de un alt intermediar al generalilor.<\/p>\n<p>&#8222;Dup\u0103 aproximativ o lun\u0103, a ap\u0103rut un al doilea emisar, c\u00e2nd cei doi erau sub control judiciar \u0219i doreau s\u0103-l suspende, pentru c\u0103 erau la a 3-a etap\u0103 a m\u0103suri preventive. Acesta mi-a propus s\u0103 facem un nou mesaj c\u0103tre Coldea, eu am intrat \u00een jocul lui, l-am \u00eentrebat ce vrea s\u0103 facem \u0219i a zis, &#8222;Uite, ne \u00eenregistr\u0103m reciproc, video&#8221;, eu l-am \u00eentrebat cu ce m-ar ajuta si mi-a zis c\u0103 o s\u0103 v\u0103d, c\u0103 de m\u00e2ine o s\u0103 fie bine, o s\u0103-mi mearg\u0103 afacerile. Am f\u0103cut \u00eenregistrarea, dup\u0103 3 zile m-a sunat, mi-a zis c\u0103 s-a \u00eent\u00e2lnit cu Coldea, c\u0103 erau mai mul\u021bi oameni acolo \u0219i c\u0103 au urm\u0103rit cu mare interes acea \u00eenregistrarea, nu \u0219tie ce s-a discutat, c\u0103 pe el l-au dat afar\u0103 din sal\u0103, iar la sf\u00e2r\u0219it i-au spus c\u0103 urmeaz\u0103 s\u0103-i transmit\u0103 un mesaj. Ulterior au \u00eenceput s\u0103 apar\u0103 tot felul de zvonuri c\u0103 o s\u0103 apar\u0103 \u0219i aceast\u0103 \u00eenregistrare. Eu, c\u00e2nd am v\u0103zut c\u0103 nici acest intermediar nu mai vine, m-am dus la DNA \u0219i le-a spus tot ce s-a \u00eent\u00e2mplat&#8221;, a povestit C\u0103t\u0103lin Hideg, \u00een exclusivitate la Culisele Statului Paralel.\u00a0<\/p>\n<p>\u00a0\u00a0<\/p>\n<p>\u00a0<\/p>","protected":false},"excerpt":{"rendered":"<p>\u00cen exclusivitate \u00een emisiunea Anc\u0103i Alexandrescu, C\u0103l\u0103lin Hideg a explicat c\u0103 a fost prieten apropiat&hellip;<\/p>\n","protected":false},"author":0,"featured_media":5546,"comment_status":"open","ping_status":"open","sticky":false,"template":"","format":"standard","meta":{"footnotes":""},"categories":[2],"tags":[],"class_list":["post-5545","post","type-post","status-publish","format-standard","has-post-thumbnail","hentry","category-actual"],"_links":{"self":[{"href":"https:\/\/247stiri.ro\/index.php\/wp-json\/wp\/v2\/posts\/5545","targetHints":{"allow":["GET"]}}],"collection":[{"href":"https:\/\/247stiri.ro\/index.php\/wp-json\/wp\/v2\/posts"}],"about":[{"href":"https:\/\/247stiri.ro\/index.php\/wp-json\/wp\/v2\/types\/post"}],"replies":[{"embeddable":true,"href":"https:\/\/247stiri.ro\/index.php\/wp-json\/wp\/v2\/comments?post=5545"}],"version-history":[{"count":0,"href":"https:\/\/247stiri.ro\/index.php\/wp-json\/wp\/v2\/posts\/5545\/revisions"}],"wp:featuredmedia":[{"embeddable":true,"href":"https:\/\/247stiri.ro\/index.php\/wp-json\/wp\/v2\/media\/5546"}],"wp:attachment":[{"href":"https:\/\/247stiri.ro\/index.php\/wp-json\/wp\/v2\/media?parent=5545"}],"wp:term":[{"taxonomy":"category","embeddable":true,"href":"https:\/\/247stiri.ro\/index.php\/wp-json\/wp\/v2\/categories?post=5545"},{"taxonomy":"post_tag","embeddable":true,"href":"https:\/\/247stiri.ro\/index.php\/wp-json\/wp\/v2\/tags?post=5545"}],"curies":[{"name":"wp","href":"https:\/\/api.w.org\/{rel}","templated":true}]}}